{"id":8003,"date":"2020-04-08T14:20:03","date_gmt":"2020-04-08T14:20:03","guid":{"rendered":"http:\/\/palaciovillapanes.com\/?p=8003"},"modified":"2022-07-26T09:26:00","modified_gmt":"2022-07-26T09:26:00","slug":"cocina-en-cuarentena-la-receta-de-jorge-cortes-jefe-de-cocina-del-palacio-de-villapanes","status":"publish","type":"post","link":"https:\/\/coolrooms.com\/palaciovillapanes\/cocina-en-cuarentena-la-receta-de-jorge-cortes-jefe-de-cocina-del-palacio-de-villapanes\/","title":{"rendered":"Cocina en cuarentena: la receta de Jorge Cort\u00e9s, jefe de cocina del Palacio de Villapan\u00e9s"},"content":{"rendered":"<p>Jorge Cort\u00e9s, jefe de cocina del Palacio de Villapan\u00e9s le comparte la receta de sus <em>carrilleras de cerdo ib\u00e9rico, <\/em>un plato tradicional espa\u00f1ol que comenz\u00f3 a cocinarse en tierras andaluzas.\u00a0 \u00a1La receta perfecta para impresionar durante la cuarentena!<br \/>\n<strong>Ingredientes (para 2 personas):<\/strong><br \/>\n300 gr de carrilleras ib\u00e9ricas<br \/>\n60 ml de aceite de oliva<br \/>\n30 ml de amontillado<br \/>\n30 ml de vino tinto<br \/>\n100 gr de cebolla<br \/>\n60 gr de pimiento verde<br \/>\n60 gr de pimiento rojo<br \/>\n100 de tomate<br \/>\n1 diente de ajo<br \/>\n1 cucharadita de comino<br \/>\n1 cucharadita de piment\u00f3n<br \/>\nSal fina<br \/>\n1 lt de agua<br \/>\n<strong>Receta:<\/strong><br \/>\n1. Limpiaremos las carrilleras, quitando la telita que las rodea, a\u00f1adimos sal y pimienta. Reservamos<br \/>\n2. Cortamos el ajo<br \/>\n<img fetchpriority=\"high\" decoding=\"async\" class=\"alignnone wp-image-8012 size-full\" src=\"http:\/\/palaciovillapanes.com\/wp-content\/uploads\/sites\/7\/2020\/04\/IMG_3245.jpeg\" alt=\"\" width=\"4032\" height=\"3024\" \/><br \/>\n<img decoding=\"async\" class=\"alignnone wp-image-8004 size-full\" src=\"http:\/\/palaciovillapanes.com\/wp-content\/uploads\/sites\/7\/2020\/04\/IMG_3243.jpeg\" alt=\"\" width=\"4032\" height=\"3024\" \/><br \/>\n3. Seguimos cortando todas las verduras mencionadas en los ingredientes<br \/>\n<img decoding=\"async\" class=\"alignnone size-full wp-image-8040\" src=\"http:\/\/palaciovillapanes.com\/wp-content\/uploads\/sites\/7\/2020\/04\/IMG_3249.jpeg\" alt=\"\" width=\"4032\" height=\"3024\" \/><br \/>\n<img loading=\"lazy\" decoding=\"async\" class=\"alignnone wp-image-8016 size-full\" src=\"http:\/\/palaciovillapanes.com\/wp-content\/uploads\/sites\/7\/2020\/04\/IMG_3242.jpeg\" alt=\"\" width=\"4032\" height=\"3024\" \/><br \/>\n<img loading=\"lazy\" decoding=\"async\" class=\"alignnone wp-image-8020 size-full\" src=\"http:\/\/palaciovillapanes.com\/wp-content\/uploads\/sites\/7\/2020\/04\/IMG_3241.jpeg\" alt=\"\" width=\"4032\" height=\"3024\" \/><br \/>\n<img loading=\"lazy\" decoding=\"async\" class=\"alignnone wp-image-8032 size-full\" src=\"http:\/\/palaciovillapanes.com\/wp-content\/uploads\/sites\/7\/2020\/04\/IMG_3253-1-e1586354296827.jpeg\" alt=\"\" width=\"3024\" height=\"4032\" \/><br \/>\n4. Vertimos el aceite mencionado y dejamos que se caliente<br \/>\n<img loading=\"lazy\" decoding=\"async\" class=\"alignnone size-full wp-image-8044\" src=\"http:\/\/palaciovillapanes.com\/wp-content\/uploads\/sites\/7\/2020\/04\/IMG_3250.jpeg\" alt=\"\" width=\"4032\" height=\"3024\" \/><br \/>\n5. Sofre\u00edmos el ajo y seguidamente la cebolla<br \/>\n<img loading=\"lazy\" decoding=\"async\" class=\"alignnone size-full wp-image-8048\" src=\"http:\/\/palaciovillapanes.com\/wp-content\/uploads\/sites\/7\/2020\/04\/IMG_3252.jpeg\" alt=\"\" width=\"4032\" height=\"3024\" \/><br \/>\n<img loading=\"lazy\" decoding=\"async\" class=\"alignnone size-full wp-image-8056\" src=\"http:\/\/palaciovillapanes.com\/wp-content\/uploads\/sites\/7\/2020\/04\/IMG_3254.jpeg\" alt=\"\" width=\"4032\" height=\"3024\" \/><br \/>\n<img loading=\"lazy\" decoding=\"async\" class=\"alignnone size-full wp-image-8060\" src=\"http:\/\/palaciovillapanes.com\/wp-content\/uploads\/sites\/7\/2020\/04\/IMG_3255.jpeg\" alt=\"\" width=\"4032\" height=\"3024\" \/><br \/>\n6. Una vez sofrito, a\u00f1adiremos las verduras restantes hasta cocinarlas.<br \/>\n<img loading=\"lazy\" decoding=\"async\" class=\"alignnone size-full wp-image-8064\" src=\"http:\/\/palaciovillapanes.com\/wp-content\/uploads\/sites\/7\/2020\/04\/IMG_3260.jpeg\" alt=\"\" width=\"4032\" height=\"3024\" \/><br \/>\n<img loading=\"lazy\" decoding=\"async\" class=\"alignnone size-full wp-image-8068\" src=\"http:\/\/palaciovillapanes.com\/wp-content\/uploads\/sites\/7\/2020\/04\/IMG_3261.jpeg\" alt=\"\" width=\"4032\" height=\"3024\" \/><br \/>\n<img loading=\"lazy\" decoding=\"async\" class=\"alignnone size-full wp-image-8072\" src=\"http:\/\/palaciovillapanes.com\/wp-content\/uploads\/sites\/7\/2020\/04\/IMG_3264.jpeg\" alt=\"\" width=\"4032\" height=\"3024\" \/><br \/>\n7. Despu\u00e9s a\u00f1adimos las carrilleras, rehogamos.<br \/>\n<img loading=\"lazy\" decoding=\"async\" class=\"alignnone size-full wp-image-8080\" src=\"http:\/\/palaciovillapanes.com\/wp-content\/uploads\/sites\/7\/2020\/04\/IMG_3267.jpeg\" alt=\"\" width=\"4032\" height=\"3024\" \/><br \/>\n8. A\u00f1adimos las especias y los vinos<br \/>\n<img loading=\"lazy\" decoding=\"async\" class=\"alignnone size-full wp-image-8084\" src=\"http:\/\/palaciovillapanes.com\/wp-content\/uploads\/sites\/7\/2020\/04\/IMG_3268.jpeg\" alt=\"\" width=\"4032\" height=\"3024\" \/><br \/>\n9. Cubrimos de agua y dejamos cocinando a fuego lento durante 2 horas y media hasta que se pongan tiernas.<br \/>\n<img loading=\"lazy\" decoding=\"async\" class=\"alignnone size-full wp-image-8088\" src=\"http:\/\/palaciovillapanes.com\/wp-content\/uploads\/sites\/7\/2020\/04\/IMG_3269.jpeg\" alt=\"\" width=\"4032\" height=\"3024\" \/><br \/>\n10. Despu\u00e9s una vez blandas, apartamos y trituramos el jugo sobrante.<br \/>\n<img loading=\"lazy\" decoding=\"async\" class=\"alignnone size-full wp-image-8092\" src=\"http:\/\/palaciovillapanes.com\/wp-content\/uploads\/sites\/7\/2020\/04\/IMG_3271.jpeg\" alt=\"\" width=\"4032\" height=\"3024\" \/><br \/>\n11. \u00a1Emplatamos!<br \/>\n<img loading=\"lazy\" decoding=\"async\" class=\"alignnone wp-image-8096 size-full\" src=\"http:\/\/palaciovillapanes.com\/wp-content\/uploads\/sites\/7\/2020\/04\/IMG_3277-e1586355468678.jpeg\" alt=\"\" width=\"3024\" height=\"4032\" \/><\/p>\n","protected":false},"excerpt":{"rendered":"<p>Jorge Cort\u00e9s, jefe de cocina del Palacio de Villapan\u00e9s le comparte la receta de sus carrilleras de cerdo ib\u00e9rico, un plato tradicional espa\u00f1ol que comenz\u00f3 a cocinarse en tierras andaluzas.\u00a0 \u00a1La receta perfecta para impresionar durante la cuarentena! Ingredientes (para 2 personas): 300 gr de carrilleras ib\u00e9ricas 60 ml de aceite de oliva 30 ml [&hellip;]<\/p>\n","protected":false},"author":19,"featured_media":15558,"comment_status":"closed","ping_status":"open","sticky":false,"template":"","format":"standard","meta":{"_acf_changed":false,"footnotes":""},"categories":[1],"tags":[],"class_list":["post-8003","post","type-post","status-publish","format-standard","has-post-thumbnail","hentry","category-sin-categorizar"],"yoast_head":"<!-- This site is optimized with the Yoast SEO plugin v27.4 - https:\/\/yoast.com\/product\/yoast-seo-wordpress\/ -->\n<title>Cocina en cuarentena: la receta de Jorge Cort\u00e9s, jefe de cocina del Palacio de Villapan\u00e9s - Hotel CoolRooms Palacio Villapan\u00e9s Sevilla<\/title>\n<meta name=\"robots\" content=\"index, follow, max-snippet:-1, max-image-preview:large, max-video-preview:-1\" \/>\n<link rel=\"canonical\" href=\"https:\/\/coolrooms.com\/palaciovillapanes\/cocina-en-cuarentena-la-receta-de-jorge-cortes-jefe-de-cocina-del-palacio-de-villapanes\/\" \/>\n<meta property=\"og:locale\" content=\"es_ES\" \/>\n<meta property=\"og:type\" content=\"article\" \/>\n<meta property=\"og:title\" content=\"Cocina en cuarentena: la receta de Jorge Cort\u00e9s, jefe de cocina del Palacio de Villapan\u00e9s - Hotel CoolRooms Palacio Villapan\u00e9s Sevilla\" \/>\n<meta property=\"og:description\" content=\"Jorge Cort\u00e9s, jefe de cocina del Palacio de Villapan\u00e9s le comparte la receta de sus carrilleras de cerdo ib\u00e9rico, un plato tradicional espa\u00f1ol que comenz\u00f3 a cocinarse en tierras andaluzas.\u00a0 \u00a1La receta perfecta para impresionar durante la cuarentena! Ingredientes (para 2 personas): 300 gr de carrilleras ib\u00e9ricas 60 ml de aceite de oliva 30 ml [&hellip;]\" \/>\n<meta property=\"og:url\" content=\"https:\/\/coolrooms.com\/palaciovillapanes\/cocina-en-cuarentena-la-receta-de-jorge-cortes-jefe-de-cocina-del-palacio-de-villapanes\/\" \/>\n<meta property=\"og:site_name\" content=\"Hotel CoolRooms Palacio Villapan\u00e9s Sevilla\" \/>\n<meta property=\"article:publisher\" content=\"https:\/\/www.facebook.com\/palaciodevillapanes\/\" \/>\n<meta property=\"article:published_time\" content=\"2020-04-08T14:20:03+00:00\" \/>\n<meta property=\"article:modified_time\" content=\"2022-07-26T09:26:00+00:00\" \/>\n<meta property=\"og:image\" content=\"https:\/\/coolrooms.com\/palaciovillapanes\/wp-content\/uploads\/sites\/7\/2020\/04\/Jorge-Cort\u00e9s-Head-Chef-Los-Rincones-del-Marqu\u00e9s-Palacio-Villapan\u00e9s-restaurant-3-min-1-1030x687.jpg\" \/>\n\t<meta property=\"og:image:width\" content=\"1030\" \/>\n\t<meta property=\"og:image:height\" content=\"687\" \/>\n\t<meta property=\"og:image:type\" content=\"image\/jpeg\" \/>\n<meta name=\"author\" content=\"laura\" \/>\n<meta name=\"twitter:card\" content=\"summary_large_image\" \/>\n<meta name=\"twitter:label1\" content=\"Escrito por\" \/>\n\t<meta name=\"twitter:data1\" content=\"laura\" \/>\n\t<meta name=\"twitter:label2\" content=\"Tiempo de lectura\" \/>\n\t<meta name=\"twitter:data2\" content=\"1 minuto\" \/>\n<script type=\"application\/ld+json\" class=\"yoast-schema-graph\">{\"@context\":\"https:\\\/\\\/schema.org\",\"@graph\":[{\"@type\":\"Article\",\"@id\":\"https:\\\/\\\/coolrooms.com\\\/palaciovillapanes\\\/cocina-en-cuarentena-la-receta-de-jorge-cortes-jefe-de-cocina-del-palacio-de-villapanes\\\/#article\",\"isPartOf\":{\"@id\":\"https:\\\/\\\/coolrooms.com\\\/palaciovillapanes\\\/cocina-en-cuarentena-la-receta-de-jorge-cortes-jefe-de-cocina-del-palacio-de-villapanes\\\/\"},\"author\":{\"name\":\"laura\",\"@id\":\"https:\\\/\\\/coolrooms.com\\\/palaciovillapanes\\\/#\\\/schema\\\/person\\\/79b0c00e60a0df35b4915181f65ce9ec\"},\"headline\":\"Cocina en cuarentena: la receta de Jorge Cort\u00e9s, jefe de cocina del Palacio de Villapan\u00e9s\",\"datePublished\":\"2020-04-08T14:20:03+00:00\",\"dateModified\":\"2022-07-26T09:26:00+00:00\",\"mainEntityOfPage\":{\"@id\":\"https:\\\/\\\/coolrooms.com\\\/palaciovillapanes\\\/cocina-en-cuarentena-la-receta-de-jorge-cortes-jefe-de-cocina-del-palacio-de-villapanes\\\/\"},\"wordCount\":206,\"publisher\":{\"@id\":\"https:\\\/\\\/coolrooms.com\\\/palaciovillapanes\\\/#organization\"},\"image\":{\"@id\":\"https:\\\/\\\/coolrooms.com\\\/palaciovillapanes\\\/cocina-en-cuarentena-la-receta-de-jorge-cortes-jefe-de-cocina-del-palacio-de-villapanes\\\/#primaryimage\"},\"thumbnailUrl\":\"https:\\\/\\\/coolrooms.com\\\/palaciovillapanes\\\/wp-content\\\/uploads\\\/sites\\\/7\\\/2020\\\/04\\\/Jorge-Cort\u00e9s-Head-Chef-Los-Rincones-del-Marqu\u00e9s-Palacio-Villapan\u00e9s-restaurant-3-min-1-scaled.jpg\",\"articleSection\":[\"Sin categorizar\"],\"inLanguage\":\"es\"},{\"@type\":\"WebPage\",\"@id\":\"https:\\\/\\\/coolrooms.com\\\/palaciovillapanes\\\/cocina-en-cuarentena-la-receta-de-jorge-cortes-jefe-de-cocina-del-palacio-de-villapanes\\\/\",\"url\":\"https:\\\/\\\/coolrooms.com\\\/palaciovillapanes\\\/cocina-en-cuarentena-la-receta-de-jorge-cortes-jefe-de-cocina-del-palacio-de-villapanes\\\/\",\"name\":\"Cocina en cuarentena: la receta de Jorge Cort\u00e9s, jefe de cocina del Palacio de Villapan\u00e9s - Hotel CoolRooms Palacio Villapan\u00e9s Sevilla\",\"isPartOf\":{\"@id\":\"https:\\\/\\\/coolrooms.com\\\/palaciovillapanes\\\/#website\"},\"primaryImageOfPage\":{\"@id\":\"https:\\\/\\\/coolrooms.com\\\/palaciovillapanes\\\/cocina-en-cuarentena-la-receta-de-jorge-cortes-jefe-de-cocina-del-palacio-de-villapanes\\\/#primaryimage\"},\"image\":{\"@id\":\"https:\\\/\\\/coolrooms.com\\\/palaciovillapanes\\\/cocina-en-cuarentena-la-receta-de-jorge-cortes-jefe-de-cocina-del-palacio-de-villapanes\\\/#primaryimage\"},\"thumbnailUrl\":\"https:\\\/\\\/coolrooms.com\\\/palaciovillapanes\\\/wp-content\\\/uploads\\\/sites\\\/7\\\/2020\\\/04\\\/Jorge-Cort\u00e9s-Head-Chef-Los-Rincones-del-Marqu\u00e9s-Palacio-Villapan\u00e9s-restaurant-3-min-1-scaled.jpg\",\"datePublished\":\"2020-04-08T14:20:03+00:00\",\"dateModified\":\"2022-07-26T09:26:00+00:00\",\"breadcrumb\":{\"@id\":\"https:\\\/\\\/coolrooms.com\\\/palaciovillapanes\\\/cocina-en-cuarentena-la-receta-de-jorge-cortes-jefe-de-cocina-del-palacio-de-villapanes\\\/#breadcrumb\"},\"inLanguage\":\"es\",\"potentialAction\":[{\"@type\":\"ReadAction\",\"target\":[\"https:\\\/\\\/coolrooms.com\\\/palaciovillapanes\\\/cocina-en-cuarentena-la-receta-de-jorge-cortes-jefe-de-cocina-del-palacio-de-villapanes\\\/\"]}]},{\"@type\":\"ImageObject\",\"inLanguage\":\"es\",\"@id\":\"https:\\\/\\\/coolrooms.com\\\/palaciovillapanes\\\/cocina-en-cuarentena-la-receta-de-jorge-cortes-jefe-de-cocina-del-palacio-de-villapanes\\\/#primaryimage\",\"url\":\"https:\\\/\\\/coolrooms.com\\\/palaciovillapanes\\\/wp-content\\\/uploads\\\/sites\\\/7\\\/2020\\\/04\\\/Jorge-Cort\u00e9s-Head-Chef-Los-Rincones-del-Marqu\u00e9s-Palacio-Villapan\u00e9s-restaurant-3-min-1-scaled.jpg\",\"contentUrl\":\"https:\\\/\\\/coolrooms.com\\\/palaciovillapanes\\\/wp-content\\\/uploads\\\/sites\\\/7\\\/2020\\\/04\\\/Jorge-Cort\u00e9s-Head-Chef-Los-Rincones-del-Marqu\u00e9s-Palacio-Villapan\u00e9s-restaurant-3-min-1-scaled.jpg\",\"width\":2052,\"height\":1368},{\"@type\":\"BreadcrumbList\",\"@id\":\"https:\\\/\\\/coolrooms.com\\\/palaciovillapanes\\\/cocina-en-cuarentena-la-receta-de-jorge-cortes-jefe-de-cocina-del-palacio-de-villapanes\\\/#breadcrumb\",\"itemListElement\":[{\"@type\":\"ListItem\",\"position\":1,\"name\":\"Portada\",\"item\":\"https:\\\/\\\/coolrooms.com\\\/palaciovillapanes\\\/\"},{\"@type\":\"ListItem\",\"position\":2,\"name\":\"Cocina en cuarentena: la receta de Jorge Cort\u00e9s, jefe de cocina del Palacio de Villapan\u00e9s\"}]},{\"@type\":\"WebSite\",\"@id\":\"https:\\\/\\\/coolrooms.com\\\/palaciovillapanes\\\/#website\",\"url\":\"https:\\\/\\\/coolrooms.com\\\/palaciovillapanes\\\/\",\"name\":\"Hotel Palacio Villapan\u00e9s Sevilla\",\"description\":\"CoolRooms |\u00a0El lujo de dormir en un Palacio\",\"publisher\":{\"@id\":\"https:\\\/\\\/coolrooms.com\\\/palaciovillapanes\\\/#organization\"},\"potentialAction\":[{\"@type\":\"SearchAction\",\"target\":{\"@type\":\"EntryPoint\",\"urlTemplate\":\"https:\\\/\\\/coolrooms.com\\\/palaciovillapanes\\\/?s={search_term_string}\"},\"query-input\":{\"@type\":\"PropertyValueSpecification\",\"valueRequired\":true,\"valueName\":\"search_term_string\"}}],\"inLanguage\":\"es\"},{\"@type\":\"Organization\",\"@id\":\"https:\\\/\\\/coolrooms.com\\\/palaciovillapanes\\\/#organization\",\"name\":\"Palacio Villapanes\",\"url\":\"https:\\\/\\\/coolrooms.com\\\/palaciovillapanes\\\/\",\"logo\":{\"@type\":\"ImageObject\",\"inLanguage\":\"es\",\"@id\":\"https:\\\/\\\/coolrooms.com\\\/palaciovillapanes\\\/#\\\/schema\\\/logo\\\/image\\\/\",\"url\":\"https:\\\/\\\/coolrooms.com\\\/palaciovillapanes\\\/wp-content\\\/uploads\\\/sites\\\/7\\\/2022\\\/06\\\/logo-palacio-dark.png\",\"contentUrl\":\"https:\\\/\\\/coolrooms.com\\\/palaciovillapanes\\\/wp-content\\\/uploads\\\/sites\\\/7\\\/2022\\\/06\\\/logo-palacio-dark.png\",\"width\":300,\"height\":233,\"caption\":\"Palacio Villapanes\"},\"image\":{\"@id\":\"https:\\\/\\\/coolrooms.com\\\/palaciovillapanes\\\/#\\\/schema\\\/logo\\\/image\\\/\"},\"sameAs\":[\"https:\\\/\\\/www.facebook.com\\\/palaciodevillapanes\\\/\",\"https:\\\/\\\/www.instagram.com\\\/palaciovillapanes\\\/\",\"https:\\\/\\\/www.linkedin.com\\\/company\\\/hotel-palacio-de-villapans\"]},{\"@type\":\"Person\",\"@id\":\"https:\\\/\\\/coolrooms.com\\\/palaciovillapanes\\\/#\\\/schema\\\/person\\\/79b0c00e60a0df35b4915181f65ce9ec\",\"name\":\"laura\",\"url\":\"https:\\\/\\\/coolrooms.com\\\/palaciovillapanes\\\/author\\\/laura\\\/\"}]}<\/script>\n<!-- \/ Yoast SEO plugin. -->","yoast_head_json":{"title":"Cocina en cuarentena: la receta de Jorge Cort\u00e9s, jefe de cocina del Palacio de Villapan\u00e9s - Hotel CoolRooms Palacio Villapan\u00e9s Sevilla","robots":{"index":"index","follow":"follow","max-snippet":"max-snippet:-1","max-image-preview":"max-image-preview:large","max-video-preview":"max-video-preview:-1"},"canonical":"https:\/\/coolrooms.com\/palaciovillapanes\/cocina-en-cuarentena-la-receta-de-jorge-cortes-jefe-de-cocina-del-palacio-de-villapanes\/","og_locale":"es_ES","og_type":"article","og_title":"Cocina en cuarentena: la receta de Jorge Cort\u00e9s, jefe de cocina del Palacio de Villapan\u00e9s - Hotel CoolRooms Palacio Villapan\u00e9s Sevilla","og_description":"Jorge Cort\u00e9s, jefe de cocina del Palacio de Villapan\u00e9s le comparte la receta de sus carrilleras de cerdo ib\u00e9rico, un plato tradicional espa\u00f1ol que comenz\u00f3 a cocinarse en tierras andaluzas.\u00a0 \u00a1La receta perfecta para impresionar durante la cuarentena! Ingredientes (para 2 personas): 300 gr de carrilleras ib\u00e9ricas 60 ml de aceite de oliva 30 ml [&hellip;]","og_url":"https:\/\/coolrooms.com\/palaciovillapanes\/cocina-en-cuarentena-la-receta-de-jorge-cortes-jefe-de-cocina-del-palacio-de-villapanes\/","og_site_name":"Hotel CoolRooms Palacio Villapan\u00e9s Sevilla","article_publisher":"https:\/\/www.facebook.com\/palaciodevillapanes\/","article_published_time":"2020-04-08T14:20:03+00:00","article_modified_time":"2022-07-26T09:26:00+00:00","og_image":[{"width":1030,"height":687,"url":"https:\/\/coolrooms.com\/palaciovillapanes\/wp-content\/uploads\/sites\/7\/2020\/04\/Jorge-Cort\u00e9s-Head-Chef-Los-Rincones-del-Marqu\u00e9s-Palacio-Villapan\u00e9s-restaurant-3-min-1-1030x687.jpg","type":"image\/jpeg"}],"author":"laura","twitter_card":"summary_large_image","twitter_misc":{"Escrito por":"laura","Tiempo de lectura":"1 minuto"},"schema":{"@context":"https:\/\/schema.org","@graph":[{"@type":"Article","@id":"https:\/\/coolrooms.com\/palaciovillapanes\/cocina-en-cuarentena-la-receta-de-jorge-cortes-jefe-de-cocina-del-palacio-de-villapanes\/#article","isPartOf":{"@id":"https:\/\/coolrooms.com\/palaciovillapanes\/cocina-en-cuarentena-la-receta-de-jorge-cortes-jefe-de-cocina-del-palacio-de-villapanes\/"},"author":{"name":"laura","@id":"https:\/\/coolrooms.com\/palaciovillapanes\/#\/schema\/person\/79b0c00e60a0df35b4915181f65ce9ec"},"headline":"Cocina en cuarentena: la receta de Jorge Cort\u00e9s, jefe de cocina del Palacio de Villapan\u00e9s","datePublished":"2020-04-08T14:20:03+00:00","dateModified":"2022-07-26T09:26:00+00:00","mainEntityOfPage":{"@id":"https:\/\/coolrooms.com\/palaciovillapanes\/cocina-en-cuarentena-la-receta-de-jorge-cortes-jefe-de-cocina-del-palacio-de-villapanes\/"},"wordCount":206,"publisher":{"@id":"https:\/\/coolrooms.com\/palaciovillapanes\/#organization"},"image":{"@id":"https:\/\/coolrooms.com\/palaciovillapanes\/cocina-en-cuarentena-la-receta-de-jorge-cortes-jefe-de-cocina-del-palacio-de-villapanes\/#primaryimage"},"thumbnailUrl":"https:\/\/coolrooms.com\/palaciovillapanes\/wp-content\/uploads\/sites\/7\/2020\/04\/Jorge-Cort\u00e9s-Head-Chef-Los-Rincones-del-Marqu\u00e9s-Palacio-Villapan\u00e9s-restaurant-3-min-1-scaled.jpg","articleSection":["Sin categorizar"],"inLanguage":"es"},{"@type":"WebPage","@id":"https:\/\/coolrooms.com\/palaciovillapanes\/cocina-en-cuarentena-la-receta-de-jorge-cortes-jefe-de-cocina-del-palacio-de-villapanes\/","url":"https:\/\/coolrooms.com\/palaciovillapanes\/cocina-en-cuarentena-la-receta-de-jorge-cortes-jefe-de-cocina-del-palacio-de-villapanes\/","name":"Cocina en cuarentena: la receta de Jorge Cort\u00e9s, jefe de cocina del Palacio de Villapan\u00e9s - Hotel CoolRooms Palacio Villapan\u00e9s Sevilla","isPartOf":{"@id":"https:\/\/coolrooms.com\/palaciovillapanes\/#website"},"primaryImageOfPage":{"@id":"https:\/\/coolrooms.com\/palaciovillapanes\/cocina-en-cuarentena-la-receta-de-jorge-cortes-jefe-de-cocina-del-palacio-de-villapanes\/#primaryimage"},"image":{"@id":"https:\/\/coolrooms.com\/palaciovillapanes\/cocina-en-cuarentena-la-receta-de-jorge-cortes-jefe-de-cocina-del-palacio-de-villapanes\/#primaryimage"},"thumbnailUrl":"https:\/\/coolrooms.com\/palaciovillapanes\/wp-content\/uploads\/sites\/7\/2020\/04\/Jorge-Cort\u00e9s-Head-Chef-Los-Rincones-del-Marqu\u00e9s-Palacio-Villapan\u00e9s-restaurant-3-min-1-scaled.jpg","datePublished":"2020-04-08T14:20:03+00:00","dateModified":"2022-07-26T09:26:00+00:00","breadcrumb":{"@id":"https:\/\/coolrooms.com\/palaciovillapanes\/cocina-en-cuarentena-la-receta-de-jorge-cortes-jefe-de-cocina-del-palacio-de-villapanes\/#breadcrumb"},"inLanguage":"es","potentialAction":[{"@type":"ReadAction","target":["https:\/\/coolrooms.com\/palaciovillapanes\/cocina-en-cuarentena-la-receta-de-jorge-cortes-jefe-de-cocina-del-palacio-de-villapanes\/"]}]},{"@type":"ImageObject","inLanguage":"es","@id":"https:\/\/coolrooms.com\/palaciovillapanes\/cocina-en-cuarentena-la-receta-de-jorge-cortes-jefe-de-cocina-del-palacio-de-villapanes\/#primaryimage","url":"https:\/\/coolrooms.com\/palaciovillapanes\/wp-content\/uploads\/sites\/7\/2020\/04\/Jorge-Cort\u00e9s-Head-Chef-Los-Rincones-del-Marqu\u00e9s-Palacio-Villapan\u00e9s-restaurant-3-min-1-scaled.jpg","contentUrl":"https:\/\/coolrooms.com\/palaciovillapanes\/wp-content\/uploads\/sites\/7\/2020\/04\/Jorge-Cort\u00e9s-Head-Chef-Los-Rincones-del-Marqu\u00e9s-Palacio-Villapan\u00e9s-restaurant-3-min-1-scaled.jpg","width":2052,"height":1368},{"@type":"BreadcrumbList","@id":"https:\/\/coolrooms.com\/palaciovillapanes\/cocina-en-cuarentena-la-receta-de-jorge-cortes-jefe-de-cocina-del-palacio-de-villapanes\/#breadcrumb","itemListElement":[{"@type":"ListItem","position":1,"name":"Portada","item":"https:\/\/coolrooms.com\/palaciovillapanes\/"},{"@type":"ListItem","position":2,"name":"Cocina en cuarentena: la receta de Jorge Cort\u00e9s, jefe de cocina del Palacio de Villapan\u00e9s"}]},{"@type":"WebSite","@id":"https:\/\/coolrooms.com\/palaciovillapanes\/#website","url":"https:\/\/coolrooms.com\/palaciovillapanes\/","name":"Hotel Palacio Villapan\u00e9s Sevilla","description":"CoolRooms |\u00a0El lujo de dormir en un Palacio","publisher":{"@id":"https:\/\/coolrooms.com\/palaciovillapanes\/#organization"},"potentialAction":[{"@type":"SearchAction","target":{"@type":"EntryPoint","urlTemplate":"https:\/\/coolrooms.com\/palaciovillapanes\/?s={search_term_string}"},"query-input":{"@type":"PropertyValueSpecification","valueRequired":true,"valueName":"search_term_string"}}],"inLanguage":"es"},{"@type":"Organization","@id":"https:\/\/coolrooms.com\/palaciovillapanes\/#organization","name":"Palacio Villapanes","url":"https:\/\/coolrooms.com\/palaciovillapanes\/","logo":{"@type":"ImageObject","inLanguage":"es","@id":"https:\/\/coolrooms.com\/palaciovillapanes\/#\/schema\/logo\/image\/","url":"https:\/\/coolrooms.com\/palaciovillapanes\/wp-content\/uploads\/sites\/7\/2022\/06\/logo-palacio-dark.png","contentUrl":"https:\/\/coolrooms.com\/palaciovillapanes\/wp-content\/uploads\/sites\/7\/2022\/06\/logo-palacio-dark.png","width":300,"height":233,"caption":"Palacio Villapanes"},"image":{"@id":"https:\/\/coolrooms.com\/palaciovillapanes\/#\/schema\/logo\/image\/"},"sameAs":["https:\/\/www.facebook.com\/palaciodevillapanes\/","https:\/\/www.instagram.com\/palaciovillapanes\/","https:\/\/www.linkedin.com\/company\/hotel-palacio-de-villapans"]},{"@type":"Person","@id":"https:\/\/coolrooms.com\/palaciovillapanes\/#\/schema\/person\/79b0c00e60a0df35b4915181f65ce9ec","name":"laura","url":"https:\/\/coolrooms.com\/palaciovillapanes\/author\/laura\/"}]}},"acf":[],"_links":{"self":[{"href":"https:\/\/coolrooms.com\/palaciovillapanes\/wp-json\/wp\/v2\/posts\/8003","targetHints":{"allow":["GET"]}}],"collection":[{"href":"https:\/\/coolrooms.com\/palaciovillapanes\/wp-json\/wp\/v2\/posts"}],"about":[{"href":"https:\/\/coolrooms.com\/palaciovillapanes\/wp-json\/wp\/v2\/types\/post"}],"author":[{"embeddable":true,"href":"https:\/\/coolrooms.com\/palaciovillapanes\/wp-json\/wp\/v2\/users\/19"}],"replies":[{"embeddable":true,"href":"https:\/\/coolrooms.com\/palaciovillapanes\/wp-json\/wp\/v2\/comments?post=8003"}],"version-history":[{"count":0,"href":"https:\/\/coolrooms.com\/palaciovillapanes\/wp-json\/wp\/v2\/posts\/8003\/revisions"}],"wp:featuredmedia":[{"embeddable":true,"href":"https:\/\/coolrooms.com\/palaciovillapanes\/wp-json\/wp\/v2\/media\/15558"}],"wp:attachment":[{"href":"https:\/\/coolrooms.com\/palaciovillapanes\/wp-json\/wp\/v2\/media?parent=8003"}],"wp:term":[{"taxonomy":"category","embeddable":true,"href":"https:\/\/coolrooms.com\/palaciovillapanes\/wp-json\/wp\/v2\/categories?post=8003"},{"taxonomy":"post_tag","embeddable":true,"href":"https:\/\/coolrooms.com\/palaciovillapanes\/wp-json\/wp\/v2\/tags?post=8003"}],"curies":[{"name":"wp","href":"https:\/\/api.w.org\/{rel}","templated":true}]}}