{"id":32585,"date":"2026-04-23T17:57:56","date_gmt":"2026-04-23T17:57:56","guid":{"rendered":"https:\/\/coolrooms.com\/palaciovillapanes\/?p=32585"},"modified":"2026-04-23T18:11:03","modified_gmt":"2026-04-23T18:11:03","slug":"feria","status":"publish","type":"post","link":"https:\/\/coolrooms.com\/palaciovillapanes\/feria\/","title":{"rendered":"Feria 2026"},"content":{"rendered":"<h1><strong><u>\u201cSevilla en Feria: el lujo de descubrirla con quien la conoce\u201d<\/u><\/strong><\/h1>\n<p>Hay ciudades que se visitan.<br \/>\nY hay ciudades que, en determinados momentos, se revelan.<\/p>\n<p>Sevilla, en Feria, pertenece a la segunda categor\u00eda.<\/p>\n<p>Durante una semana, la ciudad abandona cualquier intento de explicarse para simplemente suceder: luz dorada sobre el albero, el sonido lejano de una guitarra, el paso cadencioso de un caballo, una conversaci\u00f3n que se alarga sin reloj. No es solo una celebraci\u00f3n. Es una forma de estar en el mundo.<\/p>\n<p><strong>Pero hay una diferencia sutil entre vivirla\u2026 y saber descubrirla.<\/strong><\/p>\n<p>Y como todo lo verdaderamente especial, no se observa desde fuera.<br \/>\nSe vive desde dentro.<\/p>\n<p>&nbsp;<\/p>\n<h3><img fetchpriority=\"high\" decoding=\"async\" class=\"alignnone wp-image-32604\" src=\"https:\/\/coolrooms.com\/palaciovillapanes\/wp-content\/uploads\/sites\/7\/2026\/04\/Imagen-de-Story-Pin-1-194x300.jpg\" alt=\"\" width=\"400\" height=\"619\" srcset=\"https:\/\/coolrooms.com\/palaciovillapanes\/wp-content\/uploads\/sites\/7\/2026\/04\/Imagen-de-Story-Pin-1-194x300.jpg 194w, https:\/\/coolrooms.com\/palaciovillapanes\/wp-content\/uploads\/sites\/7\/2026\/04\/Imagen-de-Story-Pin-1-456x705.jpg 456w, https:\/\/coolrooms.com\/palaciovillapanes\/wp-content\/uploads\/sites\/7\/2026\/04\/Imagen-de-Story-Pin-1-450x696.jpg 450w, https:\/\/coolrooms.com\/palaciovillapanes\/wp-content\/uploads\/sites\/7\/2026\/04\/Imagen-de-Story-Pin-1.jpg 517w\" sizes=\"(max-width: 400px) 100vw, 400px\" \/><\/h3>\n<h3><strong><u>EL ARTE DE ENTRAR EN LA FERIA<\/u><\/strong><\/h3>\n<p>El Real no es un recinto. Es un universo paralelo.<\/p>\n<p>Al cruzar la portada \u2014iluminada como una arquitectura ef\u00edmera de luz\u2014 Sevilla cambia de ritmo. Las calles tienen nombres propios, las casetas guardan historias privadas y cada gesto, por peque\u00f1o que parezca, responde a un c\u00f3digo no escrito.<\/p>\n<p>Aqu\u00ed, la hospitalidad no se exhibe: se comparte.<\/p>\n<p>Por eso, entender la Feria no depende de cu\u00e1nto tiempo se pasa en ella, sino de c\u00f3mo se accede. Y ah\u00ed es donde todo cambia.<\/p>\n<p>Desde CoolRooms Palacio de Villapan\u00e9s, la Feria deja de ser un espect\u00e1culo para convertirse en una experiencia cuidadosamente orquestada. Nuestro Guest Manager, Jos\u00e9 Angulo, act\u00faa como ese sevillano que todos querr\u00edan tener cerca: quien abre puertas que no se ven, quien explica lo que no se dice y quien transforma cada momento en algo personal.<\/p>\n<p>Ser invitado a una caseta privada.<br \/>\nSentarse en la Maestranza junto a alguien que traduce el lenguaje taurino en emoci\u00f3n.<br \/>\nDescubrir el Guadalquivir al atardecer, con una copa en la mano y el cante flamenco rompiendo el silencio del r\u00edo.<\/p>\n<p>Visitar la calle Goles donde se revela otra Sevilla. Talleres, peque\u00f1os comercios, artesanos que siguen trabajando sin prisa, ajenos al ruido. Lugares que no se buscan: se descubren.<\/p>\n<p>Y, antes incluso de pisar el Real, comenzar a entender la Feria desde dentro: una primera clase de sevillanas en el palacio, donde el comp\u00e1s se aprende sin prisa, o una cita privada en la que <strong>Mila toma medidas para un traje de flamenca de Lina Sevilla<\/strong>, transformando la preparaci\u00f3n en parte de la experiencia.<\/p>\n<p>No son actividades. Son escenas.<\/p>\n<p>&nbsp;<\/p>\n<h3><img decoding=\"async\" class=\"alignnone wp-image-32610\" src=\"https:\/\/coolrooms.com\/palaciovillapanes\/wp-content\/uploads\/sites\/7\/2026\/04\/673052118_18583600333019576_741899983114134577_n-225x300.jpg\" alt=\"Hotel Palacio Villapan\u00e9s en Feria 2026\" width=\"400\" height=\"533\" srcset=\"https:\/\/coolrooms.com\/palaciovillapanes\/wp-content\/uploads\/sites\/7\/2026\/04\/673052118_18583600333019576_741899983114134577_n-225x300.jpg 225w, https:\/\/coolrooms.com\/palaciovillapanes\/wp-content\/uploads\/sites\/7\/2026\/04\/673052118_18583600333019576_741899983114134577_n-773x1030.jpg 773w, https:\/\/coolrooms.com\/palaciovillapanes\/wp-content\/uploads\/sites\/7\/2026\/04\/673052118_18583600333019576_741899983114134577_n-768x1024.jpg 768w, https:\/\/coolrooms.com\/palaciovillapanes\/wp-content\/uploads\/sites\/7\/2026\/04\/673052118_18583600333019576_741899983114134577_n-529x705.jpg 529w, https:\/\/coolrooms.com\/palaciovillapanes\/wp-content\/uploads\/sites\/7\/2026\/04\/673052118_18583600333019576_741899983114134577_n-450x600.jpg 450w, https:\/\/coolrooms.com\/palaciovillapanes\/wp-content\/uploads\/sites\/7\/2026\/04\/673052118_18583600333019576_741899983114134577_n-600x800.jpg 600w, https:\/\/coolrooms.com\/palaciovillapanes\/wp-content\/uploads\/sites\/7\/2026\/04\/673052118_18583600333019576_741899983114134577_n.jpg 1080w\" sizes=\"(max-width: 400px) 100vw, 400px\" \/><\/h3>\n<h3><strong><u>VESTIRSE PARA PERTENECER<\/u><\/strong><\/h3>\n<p>En la Feria, la est\u00e9tica no es superficial. Es identidad.<\/p>\n<p>El traje de flamenca no sigue tendencias: las trasciende. Cada volante, cada tejido, cada mant\u00f3n cuenta una historia que se ha transmitido generaci\u00f3n tras generaci\u00f3n.<\/p>\n<p>En Sevilla, la tradici\u00f3n se crea en los talleres. Dise\u00f1adoras como <strong>Lina Sevilla<\/strong>, <strong>Roc\u00edo Peralta<\/strong>, <strong>Aurora Gavi\u00f1o<\/strong>, <strong>Juan Hidalgo<\/strong> dan forma a la moda flamenca desde una mirada contempor\u00e1nea que respeta la ra\u00edz. En sus manos, cada traje es \u00fanico: volantes que se mueven con intenci\u00f3n, tejidos que cuentan historias y mantones y mantillas bordados que parecen haber sido heredados m\u00e1s que adquiridos.<\/p>\n<p>Para ellos, la elegancia se expresa con una naturalidad contenida. Durante el d\u00eda, especialmente en el paseo de caballos, el traje corto \u2014chaquetilla ajustada, pantal\u00f3n de talle alto y sombrero cordob\u00e9s\u2014 mantiene viva la tradici\u00f3n ecuestre andaluza. Al caer la tarde, el c\u00f3digo evoluciona hacia una sofisticaci\u00f3n m\u00e1s urbana: trajes de chaqueta en tonos sobrios como azul marino, gris o beige, combinados con camisas impecables y detalles que marcan la diferencia, como tirantes o pa\u00f1uelos.<\/p>\n<p>El gesto final, sin embargo, sigue siendo el sombrero. En casas como <strong>Fern\u00e1ndez y Roche<\/strong>, con m\u00e1s de un siglo de historia, o en la discreta sombrerer\u00eda de <strong>Maquedano<\/strong>, donde el tiempo parece detenido, elegir uno es casi un ritual: una forma de definir el car\u00e1cter antes incluso de pisar el Real.<\/p>\n<p>Vestirse para la Feria no es disfrazarse.<br \/>\nEs entender d\u00f3nde est\u00e1s.<\/p>\n<p>&nbsp;<\/p>\n<h3><strong><u>LA SEVILLA QUE SE SABOREA DESPACIO<\/u><\/strong><\/h3>\n<p>Hay sabores que solo tienen sentido en su lugar de origen.<\/p>\n<p>En el restaurante Los Rincones del Marqu\u00e9s, en el propio Palacio de Villapan\u00e9s, el chef Jorge Cort\u00e9s interpreta Andaluc\u00eda desde la ra\u00edz, con ese saber hacer que convierta cada plato en memoria.<\/p>\n<p>Ir a La Campana, fundada en 1885, es detenerse en otra \u00e9poca. Su historia se adivina en cada vitrina, en cada detalle, en ese aire de tradici\u00f3n intacta que la convierte en algo m\u00e1s que una confiter\u00eda. Es, simplemente, donde hay que estar.<\/p>\n<p>Comprar en Productos de la Sierra, en la calle Adriano, es llevarse el territorio consigo: sabores que hablan de origen, de tiempo y de oficio.<\/p>\n<p>Y como en toda ciudad que se vive desde dentro, hay direcciones que no aparecen en los mapas, pero que definen el car\u00e1cter de un lugar. Desde Palacio de Villapan\u00e9s, aconsejamos aquellos restaurantes y bares de tapeo donde detenerse es casi<\/p>\n<p>imprescindible: espacios donde la conversaci\u00f3n fluye sin prisa, el producto marca el ritmo y Sevilla se entiende, tambi\u00e9n, a trav\u00e9s de su mesa.<\/p>\n<p>&nbsp;<\/p>\n<h3><img decoding=\"async\" class=\"alignnone wp-image-32587\" src=\"https:\/\/coolrooms.com\/palaciovillapanes\/wp-content\/uploads\/sites\/7\/2026\/04\/VILAPANES_ANDALUCIA_V9-9x16.00_01_13_05.Still015-1-169x300.jpg\" alt=\"\" width=\"400\" height=\"711\" srcset=\"https:\/\/coolrooms.com\/palaciovillapanes\/wp-content\/uploads\/sites\/7\/2026\/04\/VILAPANES_ANDALUCIA_V9-9x16.00_01_13_05.Still015-1-169x300.jpg 169w, https:\/\/coolrooms.com\/palaciovillapanes\/wp-content\/uploads\/sites\/7\/2026\/04\/VILAPANES_ANDALUCIA_V9-9x16.00_01_13_05.Still015-1-579x1030.jpg 579w, https:\/\/coolrooms.com\/palaciovillapanes\/wp-content\/uploads\/sites\/7\/2026\/04\/VILAPANES_ANDALUCIA_V9-9x16.00_01_13_05.Still015-1-768x1365.jpg 768w, https:\/\/coolrooms.com\/palaciovillapanes\/wp-content\/uploads\/sites\/7\/2026\/04\/VILAPANES_ANDALUCIA_V9-9x16.00_01_13_05.Still015-1-864x1536.jpg 864w, https:\/\/coolrooms.com\/palaciovillapanes\/wp-content\/uploads\/sites\/7\/2026\/04\/VILAPANES_ANDALUCIA_V9-9x16.00_01_13_05.Still015-1-1152x2048.jpg 1152w, https:\/\/coolrooms.com\/palaciovillapanes\/wp-content\/uploads\/sites\/7\/2026\/04\/VILAPANES_ANDALUCIA_V9-9x16.00_01_13_05.Still015-1-844x1500.jpg 844w, https:\/\/coolrooms.com\/palaciovillapanes\/wp-content\/uploads\/sites\/7\/2026\/04\/VILAPANES_ANDALUCIA_V9-9x16.00_01_13_05.Still015-1-397x705.jpg 397w, https:\/\/coolrooms.com\/palaciovillapanes\/wp-content\/uploads\/sites\/7\/2026\/04\/VILAPANES_ANDALUCIA_V9-9x16.00_01_13_05.Still015-1-450x800.jpg 450w, https:\/\/coolrooms.com\/palaciovillapanes\/wp-content\/uploads\/sites\/7\/2026\/04\/VILAPANES_ANDALUCIA_V9-9x16.00_01_13_05.Still015-1-600x1067.jpg 600w, https:\/\/coolrooms.com\/palaciovillapanes\/wp-content\/uploads\/sites\/7\/2026\/04\/VILAPANES_ANDALUCIA_V9-9x16.00_01_13_05.Still015-1.jpg 1215w\" sizes=\"(max-width: 400px) 100vw, 400px\" \/><\/h3>\n<h3><strong><u>FLAMENCO: CUANDO TODO COBRA SENTIDO<\/u><\/strong><\/h3>\n<p>El flamenco no se explica. Ocurre.<\/p>\n<p>En la Feria, aparece en cada caseta, en las palmas improvisadas, en cada voz que surge sin previo aviso. Pero hay otra forma de vivirlo.<\/p>\n<p>M\u00e1s cercana. M\u00e1s \u00edntima.<\/p>\n<p>En el patio de Palacio de Villapan\u00e9s, cada viernes, el flamenco se convierte en algo casi privado. Sin artificios. Sin distancia. Solo arte en estado puro, en un espacio donde el tiempo parece detenerse.<\/p>\n<p>Es ah\u00ed donde se entiende que la Feria no es un momento aislado, sino la expresi\u00f3n de algo mucho m\u00e1s profundo.<\/p>\n<p>&nbsp;<\/p>\n<h3><img loading=\"lazy\" decoding=\"async\" class=\"alignnone wp-image-32623\" src=\"https:\/\/coolrooms.com\/palaciovillapanes\/wp-content\/uploads\/sites\/7\/2026\/04\/VILAPANES_ANDALUCIA_V9-9x16.00_00_51_14.Still010-1-169x300.jpg\" alt=\"\" width=\"400\" height=\"711\" srcset=\"https:\/\/coolrooms.com\/palaciovillapanes\/wp-content\/uploads\/sites\/7\/2026\/04\/VILAPANES_ANDALUCIA_V9-9x16.00_00_51_14.Still010-1-169x300.jpg 169w, https:\/\/coolrooms.com\/palaciovillapanes\/wp-content\/uploads\/sites\/7\/2026\/04\/VILAPANES_ANDALUCIA_V9-9x16.00_00_51_14.Still010-1-579x1030.jpg 579w, https:\/\/coolrooms.com\/palaciovillapanes\/wp-content\/uploads\/sites\/7\/2026\/04\/VILAPANES_ANDALUCIA_V9-9x16.00_00_51_14.Still010-1-768x1365.jpg 768w, https:\/\/coolrooms.com\/palaciovillapanes\/wp-content\/uploads\/sites\/7\/2026\/04\/VILAPANES_ANDALUCIA_V9-9x16.00_00_51_14.Still010-1-864x1536.jpg 864w, https:\/\/coolrooms.com\/palaciovillapanes\/wp-content\/uploads\/sites\/7\/2026\/04\/VILAPANES_ANDALUCIA_V9-9x16.00_00_51_14.Still010-1-1152x2048.jpg 1152w, https:\/\/coolrooms.com\/palaciovillapanes\/wp-content\/uploads\/sites\/7\/2026\/04\/VILAPANES_ANDALUCIA_V9-9x16.00_00_51_14.Still010-1-844x1500.jpg 844w, https:\/\/coolrooms.com\/palaciovillapanes\/wp-content\/uploads\/sites\/7\/2026\/04\/VILAPANES_ANDALUCIA_V9-9x16.00_00_51_14.Still010-1-397x705.jpg 397w, https:\/\/coolrooms.com\/palaciovillapanes\/wp-content\/uploads\/sites\/7\/2026\/04\/VILAPANES_ANDALUCIA_V9-9x16.00_00_51_14.Still010-1-450x800.jpg 450w, https:\/\/coolrooms.com\/palaciovillapanes\/wp-content\/uploads\/sites\/7\/2026\/04\/VILAPANES_ANDALUCIA_V9-9x16.00_00_51_14.Still010-1-600x1067.jpg 600w, https:\/\/coolrooms.com\/palaciovillapanes\/wp-content\/uploads\/sites\/7\/2026\/04\/VILAPANES_ANDALUCIA_V9-9x16.00_00_51_14.Still010-1.jpg 1215w\" sizes=\"(max-width: 400px) 100vw, 400px\" \/><\/h3>\n<h3><strong><u>EL LUJO DE SABER REGRESAR<\/u><\/strong><\/h3>\n<p>Y despu\u00e9s, el silencio.<\/p>\n<p>Regresar al Palacio tras la intensidad del Real es parte de la experiencia. La ciudad queda atr\u00e1s, pero no del todo. Permanece en el cuerpo, en la memoria, en esa sensaci\u00f3n dif\u00edcil de nombrar.<\/p>\n<p>El sonido se aten\u00faa. La luz cambia. El ritmo vuelve a ser otro.<\/p>\n<p>Y entonces, casi sin darse cuenta, llega el momento de la pausa: el agua, el aroma, el gesto experto. Un tratamiento en el spa en manos de Laura o Vanesa, donde el tiempo vuelve a desacelerarse y el cuerpo encuentra su equilibrio.<\/p>\n<p>&nbsp;<\/p>\n<h3><img loading=\"lazy\" decoding=\"async\" class=\"alignnone wp-image-32598\" src=\"https:\/\/coolrooms.com\/palaciovillapanes\/wp-content\/uploads\/sites\/7\/2026\/04\/Imagen-de-Story-Pin-169x300.jpg\" alt=\"\" width=\"400\" height=\"711\" srcset=\"https:\/\/coolrooms.com\/palaciovillapanes\/wp-content\/uploads\/sites\/7\/2026\/04\/Imagen-de-Story-Pin-169x300.jpg 169w, https:\/\/coolrooms.com\/palaciovillapanes\/wp-content\/uploads\/sites\/7\/2026\/04\/Imagen-de-Story-Pin-397x705.jpg 397w, https:\/\/coolrooms.com\/palaciovillapanes\/wp-content\/uploads\/sites\/7\/2026\/04\/Imagen-de-Story-Pin.jpg 450w\" sizes=\"(max-width: 400px) 100vw, 400px\" \/><\/h3>\n<h3><strong><u>UNA FERIA QUE SE QUEDA CONTIGO<\/u><\/strong><\/h3>\n<p>La Feria de Abril no termina cuando se apagan las luces.<\/p>\n<p>Se queda en los gestos, en las im\u00e1genes, en la forma en la que Sevilla empieza a significar algo distinto.<\/p>\n<p>Porque vivirla as\u00ed \u2014desde dentro, con acceso, con contexto, con sensibilidad\u2014 no es simplemente asistir a uno de los eventos m\u00e1s fascinantes de Europa.<\/p>\n<p>Es formar parte de \u00e9l.<\/p>\n<p>Y eso, en Sevilla, lo cambia todo.<\/p>\n<p>&nbsp;<\/p>\n<h3>Porque Sevilla tiene una cosa que solo tiene Sevilla.<\/h3>\n","protected":false},"excerpt":{"rendered":"<p>\u201cSevilla en Feria: el lujo de descubrirla con quien la conoce\u201d Hay ciudades que se visitan. Y hay ciudades que, en determinados momentos, se revelan. Sevilla, en Feria, pertenece a la segunda categor\u00eda. Durante una semana, la ciudad abandona cualquier intento de explicarse para simplemente suceder: luz dorada sobre el albero, el sonido lejano de [&hellip;]<\/p>\n","protected":false},"author":19,"featured_media":32618,"comment_status":"closed","ping_status":"open","sticky":false,"template":"","format":"standard","meta":{"_acf_changed":false,"footnotes":""},"categories":[1],"tags":[],"class_list":["post-32585","post","type-post","status-publish","format-standard","has-post-thumbnail","hentry","category-sin-categorizar"],"yoast_head":"<!-- This site is optimized with the Yoast SEO plugin v27.4 - https:\/\/yoast.com\/product\/yoast-seo-wordpress\/ -->\n<title>Feria 2026 - Hotel CoolRooms Palacio Villapan\u00e9s Sevilla<\/title>\n<meta name=\"robots\" content=\"index, follow, max-snippet:-1, max-image-preview:large, max-video-preview:-1\" \/>\n<link rel=\"canonical\" href=\"https:\/\/coolrooms.com\/palaciovillapanes\/feria\/\" \/>\n<meta property=\"og:locale\" content=\"es_ES\" \/>\n<meta property=\"og:type\" content=\"article\" \/>\n<meta property=\"og:title\" content=\"Feria 2026 - Hotel CoolRooms Palacio Villapan\u00e9s Sevilla\" \/>\n<meta property=\"og:description\" content=\"\u201cSevilla en Feria: el lujo de descubrirla con quien la conoce\u201d Hay ciudades que se visitan. Y hay ciudades que, en determinados momentos, se revelan. Sevilla, en Feria, pertenece a la segunda categor\u00eda. Durante una semana, la ciudad abandona cualquier intento de explicarse para simplemente suceder: luz dorada sobre el albero, el sonido lejano de [&hellip;]\" \/>\n<meta property=\"og:url\" content=\"https:\/\/coolrooms.com\/palaciovillapanes\/feria\/\" \/>\n<meta property=\"og:site_name\" content=\"Hotel CoolRooms Palacio Villapan\u00e9s Sevilla\" \/>\n<meta property=\"article:publisher\" content=\"https:\/\/www.facebook.com\/palaciodevillapanes\/\" \/>\n<meta property=\"article:published_time\" content=\"2026-04-23T17:57:56+00:00\" \/>\n<meta property=\"article:modified_time\" content=\"2026-04-23T18:11:03+00:00\" \/>\n<meta property=\"og:image\" content=\"https:\/\/coolrooms.com\/palaciovillapanes\/wp-content\/uploads\/sites\/7\/2026\/04\/Foto-Feria-de-Sevilla-2022-1030x773.jpg\" \/>\n\t<meta property=\"og:image:width\" content=\"1030\" \/>\n\t<meta property=\"og:image:height\" content=\"773\" \/>\n\t<meta property=\"og:image:type\" content=\"image\/jpeg\" \/>\n<meta name=\"author\" content=\"laura\" \/>\n<meta name=\"twitter:card\" content=\"summary_large_image\" \/>\n<meta name=\"twitter:label1\" content=\"Escrito por\" \/>\n\t<meta name=\"twitter:data1\" content=\"laura\" \/>\n\t<meta name=\"twitter:label2\" content=\"Tiempo de lectura\" \/>\n\t<meta name=\"twitter:data2\" content=\"7 minutos\" \/>\n<script type=\"application\/ld+json\" class=\"yoast-schema-graph\">{\"@context\":\"https:\\\/\\\/schema.org\",\"@graph\":[{\"@type\":\"Article\",\"@id\":\"https:\\\/\\\/coolrooms.com\\\/palaciovillapanes\\\/feria\\\/#article\",\"isPartOf\":{\"@id\":\"https:\\\/\\\/coolrooms.com\\\/palaciovillapanes\\\/feria\\\/\"},\"author\":{\"name\":\"laura\",\"@id\":\"https:\\\/\\\/coolrooms.com\\\/palaciovillapanes\\\/#\\\/schema\\\/person\\\/79b0c00e60a0df35b4915181f65ce9ec\"},\"headline\":\"Feria 2026\",\"datePublished\":\"2026-04-23T17:57:56+00:00\",\"dateModified\":\"2026-04-23T18:11:03+00:00\",\"mainEntityOfPage\":{\"@id\":\"https:\\\/\\\/coolrooms.com\\\/palaciovillapanes\\\/feria\\\/\"},\"wordCount\":1149,\"publisher\":{\"@id\":\"https:\\\/\\\/coolrooms.com\\\/palaciovillapanes\\\/#organization\"},\"image\":{\"@id\":\"https:\\\/\\\/coolrooms.com\\\/palaciovillapanes\\\/feria\\\/#primaryimage\"},\"thumbnailUrl\":\"https:\\\/\\\/coolrooms.com\\\/palaciovillapanes\\\/wp-content\\\/uploads\\\/sites\\\/7\\\/2026\\\/04\\\/Foto-Feria-de-Sevilla-2022-scaled.jpg\",\"articleSection\":[\"Sin categorizar\"],\"inLanguage\":\"es\"},{\"@type\":\"WebPage\",\"@id\":\"https:\\\/\\\/coolrooms.com\\\/palaciovillapanes\\\/feria\\\/\",\"url\":\"https:\\\/\\\/coolrooms.com\\\/palaciovillapanes\\\/feria\\\/\",\"name\":\"Feria 2026 - Hotel CoolRooms Palacio Villapan\u00e9s Sevilla\",\"isPartOf\":{\"@id\":\"https:\\\/\\\/coolrooms.com\\\/palaciovillapanes\\\/#website\"},\"primaryImageOfPage\":{\"@id\":\"https:\\\/\\\/coolrooms.com\\\/palaciovillapanes\\\/feria\\\/#primaryimage\"},\"image\":{\"@id\":\"https:\\\/\\\/coolrooms.com\\\/palaciovillapanes\\\/feria\\\/#primaryimage\"},\"thumbnailUrl\":\"https:\\\/\\\/coolrooms.com\\\/palaciovillapanes\\\/wp-content\\\/uploads\\\/sites\\\/7\\\/2026\\\/04\\\/Foto-Feria-de-Sevilla-2022-scaled.jpg\",\"datePublished\":\"2026-04-23T17:57:56+00:00\",\"dateModified\":\"2026-04-23T18:11:03+00:00\",\"breadcrumb\":{\"@id\":\"https:\\\/\\\/coolrooms.com\\\/palaciovillapanes\\\/feria\\\/#breadcrumb\"},\"inLanguage\":\"es\",\"potentialAction\":[{\"@type\":\"ReadAction\",\"target\":[\"https:\\\/\\\/coolrooms.com\\\/palaciovillapanes\\\/feria\\\/\"]}]},{\"@type\":\"ImageObject\",\"inLanguage\":\"es\",\"@id\":\"https:\\\/\\\/coolrooms.com\\\/palaciovillapanes\\\/feria\\\/#primaryimage\",\"url\":\"https:\\\/\\\/coolrooms.com\\\/palaciovillapanes\\\/wp-content\\\/uploads\\\/sites\\\/7\\\/2026\\\/04\\\/Foto-Feria-de-Sevilla-2022-scaled.jpg\",\"contentUrl\":\"https:\\\/\\\/coolrooms.com\\\/palaciovillapanes\\\/wp-content\\\/uploads\\\/sites\\\/7\\\/2026\\\/04\\\/Foto-Feria-de-Sevilla-2022-scaled.jpg\",\"width\":2560,\"height\":1920},{\"@type\":\"BreadcrumbList\",\"@id\":\"https:\\\/\\\/coolrooms.com\\\/palaciovillapanes\\\/feria\\\/#breadcrumb\",\"itemListElement\":[{\"@type\":\"ListItem\",\"position\":1,\"name\":\"Portada\",\"item\":\"https:\\\/\\\/coolrooms.com\\\/palaciovillapanes\\\/\"},{\"@type\":\"ListItem\",\"position\":2,\"name\":\"Feria 2026\"}]},{\"@type\":\"WebSite\",\"@id\":\"https:\\\/\\\/coolrooms.com\\\/palaciovillapanes\\\/#website\",\"url\":\"https:\\\/\\\/coolrooms.com\\\/palaciovillapanes\\\/\",\"name\":\"Hotel Palacio Villapan\u00e9s Sevilla\",\"description\":\"CoolRooms |\u00a0El lujo de dormir en un Palacio\",\"publisher\":{\"@id\":\"https:\\\/\\\/coolrooms.com\\\/palaciovillapanes\\\/#organization\"},\"potentialAction\":[{\"@type\":\"SearchAction\",\"target\":{\"@type\":\"EntryPoint\",\"urlTemplate\":\"https:\\\/\\\/coolrooms.com\\\/palaciovillapanes\\\/?s={search_term_string}\"},\"query-input\":{\"@type\":\"PropertyValueSpecification\",\"valueRequired\":true,\"valueName\":\"search_term_string\"}}],\"inLanguage\":\"es\"},{\"@type\":\"Organization\",\"@id\":\"https:\\\/\\\/coolrooms.com\\\/palaciovillapanes\\\/#organization\",\"name\":\"Palacio Villapanes\",\"url\":\"https:\\\/\\\/coolrooms.com\\\/palaciovillapanes\\\/\",\"logo\":{\"@type\":\"ImageObject\",\"inLanguage\":\"es\",\"@id\":\"https:\\\/\\\/coolrooms.com\\\/palaciovillapanes\\\/#\\\/schema\\\/logo\\\/image\\\/\",\"url\":\"https:\\\/\\\/coolrooms.com\\\/palaciovillapanes\\\/wp-content\\\/uploads\\\/sites\\\/7\\\/2022\\\/06\\\/logo-palacio-dark.png\",\"contentUrl\":\"https:\\\/\\\/coolrooms.com\\\/palaciovillapanes\\\/wp-content\\\/uploads\\\/sites\\\/7\\\/2022\\\/06\\\/logo-palacio-dark.png\",\"width\":300,\"height\":233,\"caption\":\"Palacio Villapanes\"},\"image\":{\"@id\":\"https:\\\/\\\/coolrooms.com\\\/palaciovillapanes\\\/#\\\/schema\\\/logo\\\/image\\\/\"},\"sameAs\":[\"https:\\\/\\\/www.facebook.com\\\/palaciodevillapanes\\\/\",\"https:\\\/\\\/www.instagram.com\\\/palaciovillapanes\\\/\",\"https:\\\/\\\/www.linkedin.com\\\/company\\\/hotel-palacio-de-villapans\"]},{\"@type\":\"Person\",\"@id\":\"https:\\\/\\\/coolrooms.com\\\/palaciovillapanes\\\/#\\\/schema\\\/person\\\/79b0c00e60a0df35b4915181f65ce9ec\",\"name\":\"laura\",\"url\":\"https:\\\/\\\/coolrooms.com\\\/palaciovillapanes\\\/author\\\/laura\\\/\"}]}<\/script>\n<!-- \/ Yoast SEO plugin. -->","yoast_head_json":{"title":"Feria 2026 - Hotel CoolRooms Palacio Villapan\u00e9s Sevilla","robots":{"index":"index","follow":"follow","max-snippet":"max-snippet:-1","max-image-preview":"max-image-preview:large","max-video-preview":"max-video-preview:-1"},"canonical":"https:\/\/coolrooms.com\/palaciovillapanes\/feria\/","og_locale":"es_ES","og_type":"article","og_title":"Feria 2026 - Hotel CoolRooms Palacio Villapan\u00e9s Sevilla","og_description":"\u201cSevilla en Feria: el lujo de descubrirla con quien la conoce\u201d Hay ciudades que se visitan. Y hay ciudades que, en determinados momentos, se revelan. Sevilla, en Feria, pertenece a la segunda categor\u00eda. Durante una semana, la ciudad abandona cualquier intento de explicarse para simplemente suceder: luz dorada sobre el albero, el sonido lejano de [&hellip;]","og_url":"https:\/\/coolrooms.com\/palaciovillapanes\/feria\/","og_site_name":"Hotel CoolRooms Palacio Villapan\u00e9s Sevilla","article_publisher":"https:\/\/www.facebook.com\/palaciodevillapanes\/","article_published_time":"2026-04-23T17:57:56+00:00","article_modified_time":"2026-04-23T18:11:03+00:00","og_image":[{"width":1030,"height":773,"url":"https:\/\/coolrooms.com\/palaciovillapanes\/wp-content\/uploads\/sites\/7\/2026\/04\/Foto-Feria-de-Sevilla-2022-1030x773.jpg","type":"image\/jpeg"}],"author":"laura","twitter_card":"summary_large_image","twitter_misc":{"Escrito por":"laura","Tiempo de lectura":"7 minutos"},"schema":{"@context":"https:\/\/schema.org","@graph":[{"@type":"Article","@id":"https:\/\/coolrooms.com\/palaciovillapanes\/feria\/#article","isPartOf":{"@id":"https:\/\/coolrooms.com\/palaciovillapanes\/feria\/"},"author":{"name":"laura","@id":"https:\/\/coolrooms.com\/palaciovillapanes\/#\/schema\/person\/79b0c00e60a0df35b4915181f65ce9ec"},"headline":"Feria 2026","datePublished":"2026-04-23T17:57:56+00:00","dateModified":"2026-04-23T18:11:03+00:00","mainEntityOfPage":{"@id":"https:\/\/coolrooms.com\/palaciovillapanes\/feria\/"},"wordCount":1149,"publisher":{"@id":"https:\/\/coolrooms.com\/palaciovillapanes\/#organization"},"image":{"@id":"https:\/\/coolrooms.com\/palaciovillapanes\/feria\/#primaryimage"},"thumbnailUrl":"https:\/\/coolrooms.com\/palaciovillapanes\/wp-content\/uploads\/sites\/7\/2026\/04\/Foto-Feria-de-Sevilla-2022-scaled.jpg","articleSection":["Sin categorizar"],"inLanguage":"es"},{"@type":"WebPage","@id":"https:\/\/coolrooms.com\/palaciovillapanes\/feria\/","url":"https:\/\/coolrooms.com\/palaciovillapanes\/feria\/","name":"Feria 2026 - Hotel CoolRooms Palacio Villapan\u00e9s Sevilla","isPartOf":{"@id":"https:\/\/coolrooms.com\/palaciovillapanes\/#website"},"primaryImageOfPage":{"@id":"https:\/\/coolrooms.com\/palaciovillapanes\/feria\/#primaryimage"},"image":{"@id":"https:\/\/coolrooms.com\/palaciovillapanes\/feria\/#primaryimage"},"thumbnailUrl":"https:\/\/coolrooms.com\/palaciovillapanes\/wp-content\/uploads\/sites\/7\/2026\/04\/Foto-Feria-de-Sevilla-2022-scaled.jpg","datePublished":"2026-04-23T17:57:56+00:00","dateModified":"2026-04-23T18:11:03+00:00","breadcrumb":{"@id":"https:\/\/coolrooms.com\/palaciovillapanes\/feria\/#breadcrumb"},"inLanguage":"es","potentialAction":[{"@type":"ReadAction","target":["https:\/\/coolrooms.com\/palaciovillapanes\/feria\/"]}]},{"@type":"ImageObject","inLanguage":"es","@id":"https:\/\/coolrooms.com\/palaciovillapanes\/feria\/#primaryimage","url":"https:\/\/coolrooms.com\/palaciovillapanes\/wp-content\/uploads\/sites\/7\/2026\/04\/Foto-Feria-de-Sevilla-2022-scaled.jpg","contentUrl":"https:\/\/coolrooms.com\/palaciovillapanes\/wp-content\/uploads\/sites\/7\/2026\/04\/Foto-Feria-de-Sevilla-2022-scaled.jpg","width":2560,"height":1920},{"@type":"BreadcrumbList","@id":"https:\/\/coolrooms.com\/palaciovillapanes\/feria\/#breadcrumb","itemListElement":[{"@type":"ListItem","position":1,"name":"Portada","item":"https:\/\/coolrooms.com\/palaciovillapanes\/"},{"@type":"ListItem","position":2,"name":"Feria 2026"}]},{"@type":"WebSite","@id":"https:\/\/coolrooms.com\/palaciovillapanes\/#website","url":"https:\/\/coolrooms.com\/palaciovillapanes\/","name":"Hotel Palacio Villapan\u00e9s Sevilla","description":"CoolRooms |\u00a0El lujo de dormir en un Palacio","publisher":{"@id":"https:\/\/coolrooms.com\/palaciovillapanes\/#organization"},"potentialAction":[{"@type":"SearchAction","target":{"@type":"EntryPoint","urlTemplate":"https:\/\/coolrooms.com\/palaciovillapanes\/?s={search_term_string}"},"query-input":{"@type":"PropertyValueSpecification","valueRequired":true,"valueName":"search_term_string"}}],"inLanguage":"es"},{"@type":"Organization","@id":"https:\/\/coolrooms.com\/palaciovillapanes\/#organization","name":"Palacio Villapanes","url":"https:\/\/coolrooms.com\/palaciovillapanes\/","logo":{"@type":"ImageObject","inLanguage":"es","@id":"https:\/\/coolrooms.com\/palaciovillapanes\/#\/schema\/logo\/image\/","url":"https:\/\/coolrooms.com\/palaciovillapanes\/wp-content\/uploads\/sites\/7\/2022\/06\/logo-palacio-dark.png","contentUrl":"https:\/\/coolrooms.com\/palaciovillapanes\/wp-content\/uploads\/sites\/7\/2022\/06\/logo-palacio-dark.png","width":300,"height":233,"caption":"Palacio Villapanes"},"image":{"@id":"https:\/\/coolrooms.com\/palaciovillapanes\/#\/schema\/logo\/image\/"},"sameAs":["https:\/\/www.facebook.com\/palaciodevillapanes\/","https:\/\/www.instagram.com\/palaciovillapanes\/","https:\/\/www.linkedin.com\/company\/hotel-palacio-de-villapans"]},{"@type":"Person","@id":"https:\/\/coolrooms.com\/palaciovillapanes\/#\/schema\/person\/79b0c00e60a0df35b4915181f65ce9ec","name":"laura","url":"https:\/\/coolrooms.com\/palaciovillapanes\/author\/laura\/"}]}},"acf":[],"_links":{"self":[{"href":"https:\/\/coolrooms.com\/palaciovillapanes\/wp-json\/wp\/v2\/posts\/32585","targetHints":{"allow":["GET"]}}],"collection":[{"href":"https:\/\/coolrooms.com\/palaciovillapanes\/wp-json\/wp\/v2\/posts"}],"about":[{"href":"https:\/\/coolrooms.com\/palaciovillapanes\/wp-json\/wp\/v2\/types\/post"}],"author":[{"embeddable":true,"href":"https:\/\/coolrooms.com\/palaciovillapanes\/wp-json\/wp\/v2\/users\/19"}],"replies":[{"embeddable":true,"href":"https:\/\/coolrooms.com\/palaciovillapanes\/wp-json\/wp\/v2\/comments?post=32585"}],"version-history":[{"count":15,"href":"https:\/\/coolrooms.com\/palaciovillapanes\/wp-json\/wp\/v2\/posts\/32585\/revisions"}],"predecessor-version":[{"id":32638,"href":"https:\/\/coolrooms.com\/palaciovillapanes\/wp-json\/wp\/v2\/posts\/32585\/revisions\/32638"}],"wp:featuredmedia":[{"embeddable":true,"href":"https:\/\/coolrooms.com\/palaciovillapanes\/wp-json\/wp\/v2\/media\/32618"}],"wp:attachment":[{"href":"https:\/\/coolrooms.com\/palaciovillapanes\/wp-json\/wp\/v2\/media?parent=32585"}],"wp:term":[{"taxonomy":"category","embeddable":true,"href":"https:\/\/coolrooms.com\/palaciovillapanes\/wp-json\/wp\/v2\/categories?post=32585"},{"taxonomy":"post_tag","embeddable":true,"href":"https:\/\/coolrooms.com\/palaciovillapanes\/wp-json\/wp\/v2\/tags?post=32585"}],"curies":[{"name":"wp","href":"https:\/\/api.w.org\/{rel}","templated":true}]}}