{"id":1125,"date":"2015-01-16T15:06:58","date_gmt":"2015-01-16T15:06:58","guid":{"rendered":"https:\/\/coolrooms.com\/palaciovillapanes\/?p=1125"},"modified":"2015-01-16T15:06:58","modified_gmt":"2015-01-16T15:06:58","slug":"feria-de-abril-en-sevilla-estas-preparado","status":"publish","type":"post","link":"https:\/\/coolrooms.com\/palaciovillapanes\/feria-de-abril-en-sevilla-estas-preparado\/","title":{"rendered":"Feria de Abril en Sevilla. \u00bfEst\u00e1s preparado?"},"content":{"rendered":"<p><a href=\"https:\/\/coolrooms.com\/palaciovillapanes\/wp-content\/uploads\/hotel-feria-de-abril-sevilla.jpeg\"><img fetchpriority=\"high\" decoding=\"async\" class=\"alignnone size-medium wp-image-1126\" src=\"https:\/\/coolrooms.com\/palaciovillapanes\/wp-content\/uploads\/hotel-feria-de-abril-sevilla-300x225.jpeg\" alt=\"Portada_Feria_de_Abril_2013\" width=\"300\" height=\"225\" \/><\/a><br \/>\nS\u00f3lo dos o tres semanas despu\u00e9s de la <strong>Semana Santa<\/strong>, cuando todav\u00eda est\u00e1 candente el fervor de las procesiones, el olor del incienso y del sudor de los costaleros, y la voz quebrada y sentida de las saetas, se celebra la <strong>Feria de Abril de Sevilla<\/strong>. Una \u2018Fiesta\u2019 con may\u00fasculas, que podr\u00eda demostrar que los sevillanos son las personas que m\u00e1s y mejor se divierten en el mundo. \u00bfTe atreves a comprobarlo?<br \/>\n<!--more--><br \/>\nQue <strong>Sevilla<\/strong> pase en unos d\u00edas de la tristeza y sentir religioso a la alegr\u00eda exuberante de una fiesta pagana es\u2026 \u00bfUna contradicci\u00f3n o un atractivo digno de descubrir y compartir? Sin duda, afirmamos que es uno de los tesoros y embrujos de esta ciudad tan especial, que hechiza a sus gentes para transformar su llanto y su pasi\u00f3n de la Semana Santa, en la risa y la diversi\u00f3n de una de las <strong>\u2018Fiestas Locales\u2019 m\u00e1s conocidas y envidiadas de Espa\u00f1a<\/strong>.<br \/>\nUn acontecimiento que no debes perderte si quieres conocer la verdadera cultura e idiosincrasia de Sevilla y una de sus <strong>tradiciones m\u00e1s antiguas<\/strong>. De hecho, sus or\u00edgenes se remontan al siglo XIII, cuando el Rey Alfonso X el Sabio dispuso que en Sevilla se celebraran dos ferias al a\u00f1o, una en primavera y otra en oto\u00f1o, aunque no fue hasta mediados del XIX cuando se restaur\u00f3 y relanz\u00f3 con fuerza la Feria de Abril, con un cierto car\u00e1cter comercial que luego pas\u00f3 a ser m\u00e1s festivo.<br \/>\nLa fiesta de la primavera sevillana dura nada menos que seis d\u00edas completos. Este a\u00f1o comienza el martes 21 de abril a las 00:00 horas con la asombrosa <strong>\u2018Prueba del Alumbrao\u2019<\/strong>, que consiste en el encendido de miles de bombillas y farolillos de la majestuosa puerta de acceso, y finaliza el domingo 26 de abril a las 12 de la noche con un espectacular castillo de <strong>fuegos artificiales<\/strong>.<br \/>\nLa Feria tiene lugar en un enorme recinto, conocido con el nombre del <strong>Real de Sevilla<\/strong>, que se distingue por la inconfundible tierra dorada de albero de las plazas de toros, y donde se levantan m\u00e1s de 1.000 casetas verdes y rojas con rayas blancas y un bullicioso <strong>parque de atracciones<\/strong>. Esta gran explanada est\u00e1 situada en el Barrio de Los Remedios, a un paso del R\u00edo Guadalquivir y a escasa media hora paseando desde el <strong>Hotel Palacio de Villapan\u00e9s<\/strong>.<br \/>\nPor el d\u00eda, te asombrar\u00e1 el traj\u00edn de la Feria, el <strong>desfile<\/strong> constante por las calles del Real de elegantes jinetes a lomos de <strong>majestuosos caballos<\/strong>, engalanados enganches y carrozas, repletas de sevillanas \u2018embutidas\u2019 en sus coloridos t\u00edpicos <strong>trajes de flamenca<\/strong> de lunares y volantes, que te dejar\u00e1n prendado por su belleza, sonrisa y alegr\u00eda.<br \/>\nA medio d\u00eda, los sevillanos se re\u00fanen en las <strong>casetas<\/strong>, su punto de encuentro, para disfrutar en familia, con los amigos y visitantes, de la rica y variada gastronom\u00eda andaluza, de deliciosas tapas, suculentos guisos, crujientes frituras de pescadito&#8230; Eso s\u00ed, unas casetas son de uso particular y otras de libre acceso.<br \/>\nPor supuesto y fuera del recinto, todas las tardes hay <strong>corrida de toros en la Real Maestranza<\/strong>, donde los amantes del toreo disfrutan de tan singular arte y donde los curiosos turistas descubren el valiente pero, para algunos, desigual duelo entre hombre y bestia.<br \/>\nPor las noches volver\u00e1s a quedarte deslumbrado por los farolillos, el rechinar de cubiertos, platos y vasos, el bullicio de las casetas, donde la manzanilla, los rebujitos, las copas\u2026 animan al personal al <strong>cante y al baile<\/strong>, que se convierten en los protagonistas de la fiesta hasta bien entrada la madrugada. Una extenuante expresi\u00f3n de arte y alegr\u00eda. Improvisado flamenco en estado puro.<br \/>\n\u00bfAgotado? Unos bu\u00f1uelos o unos churros con chocolate te volver\u00e1n a poner a tono y a recuperarte para vivir intensamente un d\u00eda m\u00e1s de Feria. Te esperamos con los brazos abiertos en el <strong>Hotel Palacio de Villapan\u00e9s<\/strong> para que compartas con nosotros la felicidad de la Feria de Abril de Sevilla.<\/p>\n","protected":false},"excerpt":{"rendered":"<p>S\u00f3lo dos o tres semanas despu\u00e9s de la Semana Santa, cuando todav\u00eda est\u00e1 candente el fervor de las procesiones, el olor del incienso y del sudor de los costaleros, y la voz quebrada y sentida de las saetas, se celebra la Feria de Abril de Sevilla. Una \u2018Fiesta\u2019 con may\u00fasculas, que podr\u00eda demostrar que los [&hellip;]<\/p>\n","protected":false},"author":19,"featured_media":2166,"comment_status":"open","ping_status":"open","sticky":false,"template":"","format":"standard","meta":{"_acf_changed":false,"footnotes":""},"categories":[1184,1183,1176,1,1193],"tags":[1217,1218,1219,1220,1221,1222,1223],"class_list":["post-1125","post","type-post","status-publish","format-standard","has-post-thumbnail","hentry","category-el-hotel","category-paseos","category-sevilla","category-sin-categorizar","category-tapeo","tag-baile","tag-caballos","tag-cante","tag-feria-de-abril","tag-ferias","tag-fiestas","tag-flamenco"],"yoast_head":"<!-- This site is optimized with the Yoast SEO plugin v27.4 - https:\/\/yoast.com\/product\/yoast-seo-wordpress\/ -->\n<title>Feria de Abril en Sevilla. \u00bfEst\u00e1s preparado? - Hotel CoolRooms Palacio Villapan\u00e9s Sevilla<\/title>\n<meta name=\"robots\" content=\"index, follow, max-snippet:-1, max-image-preview:large, max-video-preview:-1\" \/>\n<link rel=\"canonical\" href=\"https:\/\/coolrooms.com\/palaciovillapanes\/feria-de-abril-en-sevilla-estas-preparado\/\" \/>\n<meta property=\"og:locale\" content=\"es_ES\" \/>\n<meta property=\"og:type\" content=\"article\" \/>\n<meta property=\"og:title\" content=\"Feria de Abril en Sevilla. \u00bfEst\u00e1s preparado? - Hotel CoolRooms Palacio Villapan\u00e9s Sevilla\" \/>\n<meta property=\"og:description\" content=\"S\u00f3lo dos o tres semanas despu\u00e9s de la Semana Santa, cuando todav\u00eda est\u00e1 candente el fervor de las procesiones, el olor del incienso y del sudor de los costaleros, y la voz quebrada y sentida de las saetas, se celebra la Feria de Abril de Sevilla. Una \u2018Fiesta\u2019 con may\u00fasculas, que podr\u00eda demostrar que los [&hellip;]\" \/>\n<meta property=\"og:url\" content=\"https:\/\/coolrooms.com\/palaciovillapanes\/feria-de-abril-en-sevilla-estas-preparado\/\" \/>\n<meta property=\"og:site_name\" content=\"Hotel CoolRooms Palacio Villapan\u00e9s Sevilla\" \/>\n<meta property=\"article:publisher\" content=\"https:\/\/www.facebook.com\/palaciodevillapanes\/\" \/>\n<meta property=\"article:published_time\" content=\"2015-01-16T15:06:58+00:00\" \/>\n<meta property=\"og:image\" content=\"https:\/\/coolrooms.com\/palaciovillapanes\/wp-content\/uploads\/sites\/7\/2015\/01\/hotel-feria-de-abril-sevilla.jpeg\" \/>\n\t<meta property=\"og:image:width\" content=\"1067\" \/>\n\t<meta property=\"og:image:height\" content=\"800\" \/>\n\t<meta property=\"og:image:type\" content=\"image\/jpeg\" \/>\n<meta name=\"author\" content=\"laura\" \/>\n<meta name=\"twitter:card\" content=\"summary_large_image\" \/>\n<meta name=\"twitter:label1\" content=\"Escrito por\" \/>\n\t<meta name=\"twitter:data1\" content=\"laura\" \/>\n\t<meta name=\"twitter:label2\" content=\"Tiempo de lectura\" \/>\n\t<meta name=\"twitter:data2\" content=\"3 minutos\" \/>\n<script type=\"application\/ld+json\" class=\"yoast-schema-graph\">{\"@context\":\"https:\\\/\\\/schema.org\",\"@graph\":[{\"@type\":\"Article\",\"@id\":\"https:\\\/\\\/coolrooms.com\\\/palaciovillapanes\\\/feria-de-abril-en-sevilla-estas-preparado\\\/#article\",\"isPartOf\":{\"@id\":\"https:\\\/\\\/coolrooms.com\\\/palaciovillapanes\\\/feria-de-abril-en-sevilla-estas-preparado\\\/\"},\"author\":{\"name\":\"laura\",\"@id\":\"https:\\\/\\\/coolrooms.com\\\/palaciovillapanes\\\/#\\\/schema\\\/person\\\/79b0c00e60a0df35b4915181f65ce9ec\"},\"headline\":\"Feria de Abril en Sevilla. \u00bfEst\u00e1s preparado?\",\"datePublished\":\"2015-01-16T15:06:58+00:00\",\"mainEntityOfPage\":{\"@id\":\"https:\\\/\\\/coolrooms.com\\\/palaciovillapanes\\\/feria-de-abril-en-sevilla-estas-preparado\\\/\"},\"wordCount\":695,\"commentCount\":0,\"publisher\":{\"@id\":\"https:\\\/\\\/coolrooms.com\\\/palaciovillapanes\\\/#organization\"},\"image\":{\"@id\":\"https:\\\/\\\/coolrooms.com\\\/palaciovillapanes\\\/feria-de-abril-en-sevilla-estas-preparado\\\/#primaryimage\"},\"thumbnailUrl\":\"https:\\\/\\\/coolrooms.com\\\/palaciovillapanes\\\/wp-content\\\/uploads\\\/sites\\\/7\\\/2015\\\/01\\\/hotel-feria-de-abril-sevilla.jpeg\",\"keywords\":[\"Baile\",\"Caballos\",\"Cante\",\"Feria de Abril\",\"Ferias\",\"Fiestas\",\"flamenco\"],\"articleSection\":[\"El Hotel\",\"Paseos\",\"Sevilla\",\"Sin categorizar\",\"Tapeo\"],\"inLanguage\":\"es\",\"potentialAction\":[{\"@type\":\"CommentAction\",\"name\":\"Comment\",\"target\":[\"https:\\\/\\\/coolrooms.com\\\/palaciovillapanes\\\/feria-de-abril-en-sevilla-estas-preparado\\\/#respond\"]}]},{\"@type\":\"WebPage\",\"@id\":\"https:\\\/\\\/coolrooms.com\\\/palaciovillapanes\\\/feria-de-abril-en-sevilla-estas-preparado\\\/\",\"url\":\"https:\\\/\\\/coolrooms.com\\\/palaciovillapanes\\\/feria-de-abril-en-sevilla-estas-preparado\\\/\",\"name\":\"Feria de Abril en Sevilla. \u00bfEst\u00e1s preparado? - Hotel CoolRooms Palacio Villapan\u00e9s Sevilla\",\"isPartOf\":{\"@id\":\"https:\\\/\\\/coolrooms.com\\\/palaciovillapanes\\\/#website\"},\"primaryImageOfPage\":{\"@id\":\"https:\\\/\\\/coolrooms.com\\\/palaciovillapanes\\\/feria-de-abril-en-sevilla-estas-preparado\\\/#primaryimage\"},\"image\":{\"@id\":\"https:\\\/\\\/coolrooms.com\\\/palaciovillapanes\\\/feria-de-abril-en-sevilla-estas-preparado\\\/#primaryimage\"},\"thumbnailUrl\":\"https:\\\/\\\/coolrooms.com\\\/palaciovillapanes\\\/wp-content\\\/uploads\\\/sites\\\/7\\\/2015\\\/01\\\/hotel-feria-de-abril-sevilla.jpeg\",\"datePublished\":\"2015-01-16T15:06:58+00:00\",\"breadcrumb\":{\"@id\":\"https:\\\/\\\/coolrooms.com\\\/palaciovillapanes\\\/feria-de-abril-en-sevilla-estas-preparado\\\/#breadcrumb\"},\"inLanguage\":\"es\",\"potentialAction\":[{\"@type\":\"ReadAction\",\"target\":[\"https:\\\/\\\/coolrooms.com\\\/palaciovillapanes\\\/feria-de-abril-en-sevilla-estas-preparado\\\/\"]}]},{\"@type\":\"ImageObject\",\"inLanguage\":\"es\",\"@id\":\"https:\\\/\\\/coolrooms.com\\\/palaciovillapanes\\\/feria-de-abril-en-sevilla-estas-preparado\\\/#primaryimage\",\"url\":\"https:\\\/\\\/coolrooms.com\\\/palaciovillapanes\\\/wp-content\\\/uploads\\\/sites\\\/7\\\/2015\\\/01\\\/hotel-feria-de-abril-sevilla.jpeg\",\"contentUrl\":\"https:\\\/\\\/coolrooms.com\\\/palaciovillapanes\\\/wp-content\\\/uploads\\\/sites\\\/7\\\/2015\\\/01\\\/hotel-feria-de-abril-sevilla.jpeg\",\"width\":1067,\"height\":800},{\"@type\":\"BreadcrumbList\",\"@id\":\"https:\\\/\\\/coolrooms.com\\\/palaciovillapanes\\\/feria-de-abril-en-sevilla-estas-preparado\\\/#breadcrumb\",\"itemListElement\":[{\"@type\":\"ListItem\",\"position\":1,\"name\":\"Portada\",\"item\":\"https:\\\/\\\/coolrooms.com\\\/palaciovillapanes\\\/\"},{\"@type\":\"ListItem\",\"position\":2,\"name\":\"Feria de Abril en Sevilla. \u00bfEst\u00e1s preparado?\"}]},{\"@type\":\"WebSite\",\"@id\":\"https:\\\/\\\/coolrooms.com\\\/palaciovillapanes\\\/#website\",\"url\":\"https:\\\/\\\/coolrooms.com\\\/palaciovillapanes\\\/\",\"name\":\"Hotel Palacio Villapan\u00e9s Sevilla\",\"description\":\"CoolRooms |\u00a0El lujo de dormir en un Palacio\",\"publisher\":{\"@id\":\"https:\\\/\\\/coolrooms.com\\\/palaciovillapanes\\\/#organization\"},\"potentialAction\":[{\"@type\":\"SearchAction\",\"target\":{\"@type\":\"EntryPoint\",\"urlTemplate\":\"https:\\\/\\\/coolrooms.com\\\/palaciovillapanes\\\/?s={search_term_string}\"},\"query-input\":{\"@type\":\"PropertyValueSpecification\",\"valueRequired\":true,\"valueName\":\"search_term_string\"}}],\"inLanguage\":\"es\"},{\"@type\":\"Organization\",\"@id\":\"https:\\\/\\\/coolrooms.com\\\/palaciovillapanes\\\/#organization\",\"name\":\"Palacio Villapanes\",\"url\":\"https:\\\/\\\/coolrooms.com\\\/palaciovillapanes\\\/\",\"logo\":{\"@type\":\"ImageObject\",\"inLanguage\":\"es\",\"@id\":\"https:\\\/\\\/coolrooms.com\\\/palaciovillapanes\\\/#\\\/schema\\\/logo\\\/image\\\/\",\"url\":\"https:\\\/\\\/coolrooms.com\\\/palaciovillapanes\\\/wp-content\\\/uploads\\\/sites\\\/7\\\/2022\\\/06\\\/logo-palacio-dark.png\",\"contentUrl\":\"https:\\\/\\\/coolrooms.com\\\/palaciovillapanes\\\/wp-content\\\/uploads\\\/sites\\\/7\\\/2022\\\/06\\\/logo-palacio-dark.png\",\"width\":300,\"height\":233,\"caption\":\"Palacio Villapanes\"},\"image\":{\"@id\":\"https:\\\/\\\/coolrooms.com\\\/palaciovillapanes\\\/#\\\/schema\\\/logo\\\/image\\\/\"},\"sameAs\":[\"https:\\\/\\\/www.facebook.com\\\/palaciodevillapanes\\\/\",\"https:\\\/\\\/www.instagram.com\\\/palaciovillapanes\\\/\",\"https:\\\/\\\/www.linkedin.com\\\/company\\\/hotel-palacio-de-villapans\"]},{\"@type\":\"Person\",\"@id\":\"https:\\\/\\\/coolrooms.com\\\/palaciovillapanes\\\/#\\\/schema\\\/person\\\/79b0c00e60a0df35b4915181f65ce9ec\",\"name\":\"laura\",\"url\":\"https:\\\/\\\/coolrooms.com\\\/palaciovillapanes\\\/author\\\/laura\\\/\"}]}<\/script>\n<!-- \/ Yoast SEO plugin. -->","yoast_head_json":{"title":"Feria de Abril en Sevilla. \u00bfEst\u00e1s preparado? - Hotel CoolRooms Palacio Villapan\u00e9s Sevilla","robots":{"index":"index","follow":"follow","max-snippet":"max-snippet:-1","max-image-preview":"max-image-preview:large","max-video-preview":"max-video-preview:-1"},"canonical":"https:\/\/coolrooms.com\/palaciovillapanes\/feria-de-abril-en-sevilla-estas-preparado\/","og_locale":"es_ES","og_type":"article","og_title":"Feria de Abril en Sevilla. \u00bfEst\u00e1s preparado? - Hotel CoolRooms Palacio Villapan\u00e9s Sevilla","og_description":"S\u00f3lo dos o tres semanas despu\u00e9s de la Semana Santa, cuando todav\u00eda est\u00e1 candente el fervor de las procesiones, el olor del incienso y del sudor de los costaleros, y la voz quebrada y sentida de las saetas, se celebra la Feria de Abril de Sevilla. Una \u2018Fiesta\u2019 con may\u00fasculas, que podr\u00eda demostrar que los [&hellip;]","og_url":"https:\/\/coolrooms.com\/palaciovillapanes\/feria-de-abril-en-sevilla-estas-preparado\/","og_site_name":"Hotel CoolRooms Palacio Villapan\u00e9s Sevilla","article_publisher":"https:\/\/www.facebook.com\/palaciodevillapanes\/","article_published_time":"2015-01-16T15:06:58+00:00","og_image":[{"width":1067,"height":800,"url":"https:\/\/coolrooms.com\/palaciovillapanes\/wp-content\/uploads\/sites\/7\/2015\/01\/hotel-feria-de-abril-sevilla.jpeg","type":"image\/jpeg"}],"author":"laura","twitter_card":"summary_large_image","twitter_misc":{"Escrito por":"laura","Tiempo de lectura":"3 minutos"},"schema":{"@context":"https:\/\/schema.org","@graph":[{"@type":"Article","@id":"https:\/\/coolrooms.com\/palaciovillapanes\/feria-de-abril-en-sevilla-estas-preparado\/#article","isPartOf":{"@id":"https:\/\/coolrooms.com\/palaciovillapanes\/feria-de-abril-en-sevilla-estas-preparado\/"},"author":{"name":"laura","@id":"https:\/\/coolrooms.com\/palaciovillapanes\/#\/schema\/person\/79b0c00e60a0df35b4915181f65ce9ec"},"headline":"Feria de Abril en Sevilla. \u00bfEst\u00e1s preparado?","datePublished":"2015-01-16T15:06:58+00:00","mainEntityOfPage":{"@id":"https:\/\/coolrooms.com\/palaciovillapanes\/feria-de-abril-en-sevilla-estas-preparado\/"},"wordCount":695,"commentCount":0,"publisher":{"@id":"https:\/\/coolrooms.com\/palaciovillapanes\/#organization"},"image":{"@id":"https:\/\/coolrooms.com\/palaciovillapanes\/feria-de-abril-en-sevilla-estas-preparado\/#primaryimage"},"thumbnailUrl":"https:\/\/coolrooms.com\/palaciovillapanes\/wp-content\/uploads\/sites\/7\/2015\/01\/hotel-feria-de-abril-sevilla.jpeg","keywords":["Baile","Caballos","Cante","Feria de Abril","Ferias","Fiestas","flamenco"],"articleSection":["El Hotel","Paseos","Sevilla","Sin categorizar","Tapeo"],"inLanguage":"es","potentialAction":[{"@type":"CommentAction","name":"Comment","target":["https:\/\/coolrooms.com\/palaciovillapanes\/feria-de-abril-en-sevilla-estas-preparado\/#respond"]}]},{"@type":"WebPage","@id":"https:\/\/coolrooms.com\/palaciovillapanes\/feria-de-abril-en-sevilla-estas-preparado\/","url":"https:\/\/coolrooms.com\/palaciovillapanes\/feria-de-abril-en-sevilla-estas-preparado\/","name":"Feria de Abril en Sevilla. \u00bfEst\u00e1s preparado? - Hotel CoolRooms Palacio Villapan\u00e9s Sevilla","isPartOf":{"@id":"https:\/\/coolrooms.com\/palaciovillapanes\/#website"},"primaryImageOfPage":{"@id":"https:\/\/coolrooms.com\/palaciovillapanes\/feria-de-abril-en-sevilla-estas-preparado\/#primaryimage"},"image":{"@id":"https:\/\/coolrooms.com\/palaciovillapanes\/feria-de-abril-en-sevilla-estas-preparado\/#primaryimage"},"thumbnailUrl":"https:\/\/coolrooms.com\/palaciovillapanes\/wp-content\/uploads\/sites\/7\/2015\/01\/hotel-feria-de-abril-sevilla.jpeg","datePublished":"2015-01-16T15:06:58+00:00","breadcrumb":{"@id":"https:\/\/coolrooms.com\/palaciovillapanes\/feria-de-abril-en-sevilla-estas-preparado\/#breadcrumb"},"inLanguage":"es","potentialAction":[{"@type":"ReadAction","target":["https:\/\/coolrooms.com\/palaciovillapanes\/feria-de-abril-en-sevilla-estas-preparado\/"]}]},{"@type":"ImageObject","inLanguage":"es","@id":"https:\/\/coolrooms.com\/palaciovillapanes\/feria-de-abril-en-sevilla-estas-preparado\/#primaryimage","url":"https:\/\/coolrooms.com\/palaciovillapanes\/wp-content\/uploads\/sites\/7\/2015\/01\/hotel-feria-de-abril-sevilla.jpeg","contentUrl":"https:\/\/coolrooms.com\/palaciovillapanes\/wp-content\/uploads\/sites\/7\/2015\/01\/hotel-feria-de-abril-sevilla.jpeg","width":1067,"height":800},{"@type":"BreadcrumbList","@id":"https:\/\/coolrooms.com\/palaciovillapanes\/feria-de-abril-en-sevilla-estas-preparado\/#breadcrumb","itemListElement":[{"@type":"ListItem","position":1,"name":"Portada","item":"https:\/\/coolrooms.com\/palaciovillapanes\/"},{"@type":"ListItem","position":2,"name":"Feria de Abril en Sevilla. \u00bfEst\u00e1s preparado?"}]},{"@type":"WebSite","@id":"https:\/\/coolrooms.com\/palaciovillapanes\/#website","url":"https:\/\/coolrooms.com\/palaciovillapanes\/","name":"Hotel Palacio Villapan\u00e9s Sevilla","description":"CoolRooms |\u00a0El lujo de dormir en un Palacio","publisher":{"@id":"https:\/\/coolrooms.com\/palaciovillapanes\/#organization"},"potentialAction":[{"@type":"SearchAction","target":{"@type":"EntryPoint","urlTemplate":"https:\/\/coolrooms.com\/palaciovillapanes\/?s={search_term_string}"},"query-input":{"@type":"PropertyValueSpecification","valueRequired":true,"valueName":"search_term_string"}}],"inLanguage":"es"},{"@type":"Organization","@id":"https:\/\/coolrooms.com\/palaciovillapanes\/#organization","name":"Palacio Villapanes","url":"https:\/\/coolrooms.com\/palaciovillapanes\/","logo":{"@type":"ImageObject","inLanguage":"es","@id":"https:\/\/coolrooms.com\/palaciovillapanes\/#\/schema\/logo\/image\/","url":"https:\/\/coolrooms.com\/palaciovillapanes\/wp-content\/uploads\/sites\/7\/2022\/06\/logo-palacio-dark.png","contentUrl":"https:\/\/coolrooms.com\/palaciovillapanes\/wp-content\/uploads\/sites\/7\/2022\/06\/logo-palacio-dark.png","width":300,"height":233,"caption":"Palacio Villapanes"},"image":{"@id":"https:\/\/coolrooms.com\/palaciovillapanes\/#\/schema\/logo\/image\/"},"sameAs":["https:\/\/www.facebook.com\/palaciodevillapanes\/","https:\/\/www.instagram.com\/palaciovillapanes\/","https:\/\/www.linkedin.com\/company\/hotel-palacio-de-villapans"]},{"@type":"Person","@id":"https:\/\/coolrooms.com\/palaciovillapanes\/#\/schema\/person\/79b0c00e60a0df35b4915181f65ce9ec","name":"laura","url":"https:\/\/coolrooms.com\/palaciovillapanes\/author\/laura\/"}]}},"acf":[],"_links":{"self":[{"href":"https:\/\/coolrooms.com\/palaciovillapanes\/wp-json\/wp\/v2\/posts\/1125","targetHints":{"allow":["GET"]}}],"collection":[{"href":"https:\/\/coolrooms.com\/palaciovillapanes\/wp-json\/wp\/v2\/posts"}],"about":[{"href":"https:\/\/coolrooms.com\/palaciovillapanes\/wp-json\/wp\/v2\/types\/post"}],"author":[{"embeddable":true,"href":"https:\/\/coolrooms.com\/palaciovillapanes\/wp-json\/wp\/v2\/users\/19"}],"replies":[{"embeddable":true,"href":"https:\/\/coolrooms.com\/palaciovillapanes\/wp-json\/wp\/v2\/comments?post=1125"}],"version-history":[{"count":0,"href":"https:\/\/coolrooms.com\/palaciovillapanes\/wp-json\/wp\/v2\/posts\/1125\/revisions"}],"wp:featuredmedia":[{"embeddable":true,"href":"https:\/\/coolrooms.com\/palaciovillapanes\/wp-json\/wp\/v2\/media\/2166"}],"wp:attachment":[{"href":"https:\/\/coolrooms.com\/palaciovillapanes\/wp-json\/wp\/v2\/media?parent=1125"}],"wp:term":[{"taxonomy":"category","embeddable":true,"href":"https:\/\/coolrooms.com\/palaciovillapanes\/wp-json\/wp\/v2\/categories?post=1125"},{"taxonomy":"post_tag","embeddable":true,"href":"https:\/\/coolrooms.com\/palaciovillapanes\/wp-json\/wp\/v2\/tags?post=1125"}],"curies":[{"name":"wp","href":"https:\/\/api.w.org\/{rel}","templated":true}]}}