{"id":32635,"date":"2026-04-23T17:57:56","date_gmt":"2026-04-23T17:57:56","guid":{"rendered":"https:\/\/coolrooms.com\/palaciovillapanes\/feria\/"},"modified":"2026-04-23T18:10:28","modified_gmt":"2026-04-23T18:10:28","slug":"feria","status":"publish","type":"post","link":"https:\/\/coolrooms.com\/palaciovillapanes\/en\/feria\/","title":{"rendered":"Feria 2026"},"content":{"rendered":"<h1><strong><u>Seville in Feria: the luxury of discovering it with those who truly know it<\/u><\/strong><\/h1>\n<p>There are cities you visit.<br \/>\nAnd there are cities that, at certain moments, reveal themselves.<\/p>\n<p>Seville, during Feria, belongs to the latter.<\/p>\n<p>For one week, the city abandons any attempt to explain itself and simply exists: golden light over the albero sand, the distant sound of a guitar, the measured rhythm of a horse\u2019s steps, conversations that stretch endlessly without regard for time. It is not just a celebration. It is a way of being in the world.<\/p>\n<p>But there is a subtle difference between experiencing it\u2026 and truly knowing how to discover it.<\/p>\n<p>Because everything truly special cannot be observed from the outside.<\/p>\n<p>It must be lived from within.<\/p>\n<p>&nbsp;<\/p>\n<h3><img fetchpriority=\"high\" decoding=\"async\" class=\"alignnone wp-image-32604\" src=\"https:\/\/coolrooms.com\/palaciovillapanes\/wp-content\/uploads\/sites\/7\/2026\/04\/Imagen-de-Story-Pin-1-194x300.jpg\" alt=\"\" width=\"400\" height=\"619\" srcset=\"https:\/\/coolrooms.com\/palaciovillapanes\/wp-content\/uploads\/sites\/7\/2026\/04\/Imagen-de-Story-Pin-1-194x300.jpg 194w, https:\/\/coolrooms.com\/palaciovillapanes\/wp-content\/uploads\/sites\/7\/2026\/04\/Imagen-de-Story-Pin-1-456x705.jpg 456w, https:\/\/coolrooms.com\/palaciovillapanes\/wp-content\/uploads\/sites\/7\/2026\/04\/Imagen-de-Story-Pin-1-450x696.jpg 450w, https:\/\/coolrooms.com\/palaciovillapanes\/wp-content\/uploads\/sites\/7\/2026\/04\/Imagen-de-Story-Pin-1.jpg 517w\" sizes=\"(max-width: 400px) 100vw, 400px\" \/><\/h3>\n<h3><strong><u>THE ART OF ENTERING THE FERIA<\/u><\/strong><\/h3>\n<p>The Real is not a venue. It is a parallel universe.<\/p>\n<p>As you pass through the illuminated entrance \u2014an ephemeral structure of light\u2014 Seville shifts its rhythm. Streets take on names of their own, casetas hold private stories, and every gesture, however small, follows an unspoken code.<\/p>\n<p>Here, hospitality is not displayed. It is shared.<\/p>\n<p>That is why understanding the Feria is not about how long you spend there, but how you access it. And that is where everything changes.<\/p>\n<p>At CoolRooms Palacio de Villapan\u00e9s, the Feria transforms from spectacle into a carefully curated experience. Our Guest Manager, Jos\u00e9 Angulo, becomes that local everyone wishes they had: the one who opens unseen doors, explains what remains unspoken, and turns each moment into something deeply personal.<\/p>\n<p>Being invited into a private caseta.<br \/>\nSitting in the Maestranza beside someone who translates the language of bullfighting into emotion.<br \/>\nDiscovering the Guadalquivir at sunset, a glass in hand, as live flamenco singing breaks the stillness of the river.<br \/>\nWandering through Calle Goles, where another Seville quietly reveals itself\u2014workshops, small shops, artisans working unhurriedly, untouched by the noise. Places you do not search for, but stumble upon.<\/p>\n<p>And even before stepping into the Real, beginning to understand the Feria from within: a first sevillanas class in the palace, where rhythm is learned without haste, or a private fitting where Mila takes measurements for a flamenco dress by Lina Sevilla\u2014turning preparation into part of the experience itself.<\/p>\n<p>These are not activities.<br \/>\nThey are scenes.<\/p>\n<p>&nbsp;<\/p>\n<h3><img decoding=\"async\" class=\"alignnone wp-image-32610\" src=\"https:\/\/coolrooms.com\/palaciovillapanes\/wp-content\/uploads\/sites\/7\/2026\/04\/673052118_18583600333019576_741899983114134577_n-225x300.jpg\" alt=\"Hotel Palacio Villapan\u00e9s en Feria 2026\" width=\"400\" height=\"533\" srcset=\"https:\/\/coolrooms.com\/palaciovillapanes\/wp-content\/uploads\/sites\/7\/2026\/04\/673052118_18583600333019576_741899983114134577_n-225x300.jpg 225w, https:\/\/coolrooms.com\/palaciovillapanes\/wp-content\/uploads\/sites\/7\/2026\/04\/673052118_18583600333019576_741899983114134577_n-773x1030.jpg 773w, https:\/\/coolrooms.com\/palaciovillapanes\/wp-content\/uploads\/sites\/7\/2026\/04\/673052118_18583600333019576_741899983114134577_n-768x1024.jpg 768w, https:\/\/coolrooms.com\/palaciovillapanes\/wp-content\/uploads\/sites\/7\/2026\/04\/673052118_18583600333019576_741899983114134577_n-529x705.jpg 529w, https:\/\/coolrooms.com\/palaciovillapanes\/wp-content\/uploads\/sites\/7\/2026\/04\/673052118_18583600333019576_741899983114134577_n-450x600.jpg 450w, https:\/\/coolrooms.com\/palaciovillapanes\/wp-content\/uploads\/sites\/7\/2026\/04\/673052118_18583600333019576_741899983114134577_n-600x800.jpg 600w, https:\/\/coolrooms.com\/palaciovillapanes\/wp-content\/uploads\/sites\/7\/2026\/04\/673052118_18583600333019576_741899983114134577_n.jpg 1080w\" sizes=\"(max-width: 400px) 100vw, 400px\" \/><\/h3>\n<h3><strong><u>DRESSING TO BELONG<\/u><\/strong><\/h3>\n<p>At the Feria, aesthetics are not superficial. They are identity.<\/p>\n<p>The flamenco dress does not follow trends\u2014it transcends them. Every ruffle, every fabric, every shawl tells a story passed down through generations.<\/p>\n<p>In Seville, tradition is shaped in ateliers. Designers such as Lina Sevilla, Roc\u00edo Peralta, Aurora Gavi\u00f1o and Juan Hidalgo reinterpret flamenco fashion through a contemporary lens that remains deeply rooted. In their hands, each piece is unique: movement in every ruffle, intention in every fabric, embroidered shawls and mantillas that feel inherited rather than acquired.<\/p>\n<p>For men, elegance is expressed with quiet confidence. By day, particularly during the horse parades, the traditional <em>traje corto<\/em>\u2014fitted jacket, high-waisted trousers and Cordoban hat\u2014keeps Andalusian equestrian heritage alive. By evening, the code shifts towards a more urban sophistication: tailored suits in navy, grey or beige, paired with crisp shirts and subtle details such as suspenders or pocket squares.<\/p>\n<p>Yet the final gesture remains the hat. In houses like Fern\u00e1ndez y Roche, with over a century of history, or in the discreet Maquedano hat shop, where time seems to stand still, choosing one becomes almost a ritual\u2014a way of defining character before even stepping into the Real.<\/p>\n<p>Dressing for the Feria is not about costume.<br \/>\nIt is about understanding where you are.<\/p>\n<p>&nbsp;<\/p>\n<h3><strong><u>THE SEVILLE YOU TASTE SLOWLY<\/u><\/strong><\/h3>\n<p>Some flavours only make sense in the place they belong.<\/p>\n<p>At Los Rincones del Marqu\u00e9s, located within Palacio de Villapan\u00e9s, chef Jorge Cort\u00e9s interprets Andalusia from its roots, with a savoir-faire that transforms each dish into memory.<\/p>\n<p>Visiting La Campana, founded in 1885, is stepping into another time. Its history lingers in every display, every detail, in that atmosphere of untouched tradition that makes it more than just a pastry shop. It is, quite simply, where you need to be.<\/p>\n<p>Shopping at Productos de la Sierra, on Calle Adriano, means taking the territory with you: flavours that speak of origin, time and craft.<\/p>\n<p>And as in every city truly lived from within, there are places that never appear on maps yet define its character. From Palacio de Villapan\u00e9s, we recommend those restaurants and tapas bars where stopping is almost essential: spaces where conversation flows unhurriedly, where the product sets the rhythm, and where Seville is understood through its table.<\/p>\n<p>&nbsp;<\/p>\n<h3><img decoding=\"async\" class=\"alignnone wp-image-32587\" src=\"https:\/\/coolrooms.com\/palaciovillapanes\/wp-content\/uploads\/sites\/7\/2026\/04\/VILAPANES_ANDALUCIA_V9-9x16.00_01_13_05.Still015-1-169x300.jpg\" alt=\"\" width=\"400\" height=\"711\" srcset=\"https:\/\/coolrooms.com\/palaciovillapanes\/wp-content\/uploads\/sites\/7\/2026\/04\/VILAPANES_ANDALUCIA_V9-9x16.00_01_13_05.Still015-1-169x300.jpg 169w, https:\/\/coolrooms.com\/palaciovillapanes\/wp-content\/uploads\/sites\/7\/2026\/04\/VILAPANES_ANDALUCIA_V9-9x16.00_01_13_05.Still015-1-579x1030.jpg 579w, https:\/\/coolrooms.com\/palaciovillapanes\/wp-content\/uploads\/sites\/7\/2026\/04\/VILAPANES_ANDALUCIA_V9-9x16.00_01_13_05.Still015-1-768x1365.jpg 768w, https:\/\/coolrooms.com\/palaciovillapanes\/wp-content\/uploads\/sites\/7\/2026\/04\/VILAPANES_ANDALUCIA_V9-9x16.00_01_13_05.Still015-1-864x1536.jpg 864w, https:\/\/coolrooms.com\/palaciovillapanes\/wp-content\/uploads\/sites\/7\/2026\/04\/VILAPANES_ANDALUCIA_V9-9x16.00_01_13_05.Still015-1-1152x2048.jpg 1152w, https:\/\/coolrooms.com\/palaciovillapanes\/wp-content\/uploads\/sites\/7\/2026\/04\/VILAPANES_ANDALUCIA_V9-9x16.00_01_13_05.Still015-1-844x1500.jpg 844w, https:\/\/coolrooms.com\/palaciovillapanes\/wp-content\/uploads\/sites\/7\/2026\/04\/VILAPANES_ANDALUCIA_V9-9x16.00_01_13_05.Still015-1-397x705.jpg 397w, https:\/\/coolrooms.com\/palaciovillapanes\/wp-content\/uploads\/sites\/7\/2026\/04\/VILAPANES_ANDALUCIA_V9-9x16.00_01_13_05.Still015-1-450x800.jpg 450w, https:\/\/coolrooms.com\/palaciovillapanes\/wp-content\/uploads\/sites\/7\/2026\/04\/VILAPANES_ANDALUCIA_V9-9x16.00_01_13_05.Still015-1-600x1067.jpg 600w, https:\/\/coolrooms.com\/palaciovillapanes\/wp-content\/uploads\/sites\/7\/2026\/04\/VILAPANES_ANDALUCIA_V9-9x16.00_01_13_05.Still015-1.jpg 1215w\" sizes=\"(max-width: 400px) 100vw, 400px\" \/><\/h3>\n<h3><strong><u>FLAMENCO: WHEN EVERYTHING FALLS INTO PLACE<\/u><\/strong><\/h3>\n<p>Flamenco cannot be explained. It happens.<\/p>\n<p>At the Feria, it emerges in every caseta\u2014in spontaneous clapping, in voices that rise without warning. But there is another way to experience it.<\/p>\n<p>Closer. More intimate.<\/p>\n<p>In the courtyard of Palacio de Villapan\u00e9s, every Friday, flamenco becomes something almost private. No artifice. No distance. Just art in its purest form, in a space where time seems to stand still.<\/p>\n<p>It is here that one understands the Feria is not an isolated moment, but the expression of something much deeper.<\/p>\n<p>&nbsp;<\/p>\n<h3><img loading=\"lazy\" decoding=\"async\" class=\"alignnone wp-image-32623\" src=\"https:\/\/coolrooms.com\/palaciovillapanes\/wp-content\/uploads\/sites\/7\/2026\/04\/VILAPANES_ANDALUCIA_V9-9x16.00_00_51_14.Still010-1-169x300.jpg\" alt=\"\" width=\"400\" height=\"711\" srcset=\"https:\/\/coolrooms.com\/palaciovillapanes\/wp-content\/uploads\/sites\/7\/2026\/04\/VILAPANES_ANDALUCIA_V9-9x16.00_00_51_14.Still010-1-169x300.jpg 169w, https:\/\/coolrooms.com\/palaciovillapanes\/wp-content\/uploads\/sites\/7\/2026\/04\/VILAPANES_ANDALUCIA_V9-9x16.00_00_51_14.Still010-1-579x1030.jpg 579w, https:\/\/coolrooms.com\/palaciovillapanes\/wp-content\/uploads\/sites\/7\/2026\/04\/VILAPANES_ANDALUCIA_V9-9x16.00_00_51_14.Still010-1-768x1365.jpg 768w, https:\/\/coolrooms.com\/palaciovillapanes\/wp-content\/uploads\/sites\/7\/2026\/04\/VILAPANES_ANDALUCIA_V9-9x16.00_00_51_14.Still010-1-864x1536.jpg 864w, https:\/\/coolrooms.com\/palaciovillapanes\/wp-content\/uploads\/sites\/7\/2026\/04\/VILAPANES_ANDALUCIA_V9-9x16.00_00_51_14.Still010-1-1152x2048.jpg 1152w, https:\/\/coolrooms.com\/palaciovillapanes\/wp-content\/uploads\/sites\/7\/2026\/04\/VILAPANES_ANDALUCIA_V9-9x16.00_00_51_14.Still010-1-844x1500.jpg 844w, https:\/\/coolrooms.com\/palaciovillapanes\/wp-content\/uploads\/sites\/7\/2026\/04\/VILAPANES_ANDALUCIA_V9-9x16.00_00_51_14.Still010-1-397x705.jpg 397w, https:\/\/coolrooms.com\/palaciovillapanes\/wp-content\/uploads\/sites\/7\/2026\/04\/VILAPANES_ANDALUCIA_V9-9x16.00_00_51_14.Still010-1-450x800.jpg 450w, https:\/\/coolrooms.com\/palaciovillapanes\/wp-content\/uploads\/sites\/7\/2026\/04\/VILAPANES_ANDALUCIA_V9-9x16.00_00_51_14.Still010-1-600x1067.jpg 600w, https:\/\/coolrooms.com\/palaciovillapanes\/wp-content\/uploads\/sites\/7\/2026\/04\/VILAPANES_ANDALUCIA_V9-9x16.00_00_51_14.Still010-1.jpg 1215w\" sizes=\"(max-width: 400px) 100vw, 400px\" \/><\/h3>\n<h3><strong><u>THE LUXURY OF RETURNING<\/u><\/strong><\/h3>\n<p>And then, silence.<\/p>\n<p>Returning to the Palace after the intensity of the Real is part of the experience. The city lingers\u2014within the body, within memory, in that feeling that resists definition.<\/p>\n<p>Sound softens. Light shifts. Time slows once again.<\/p>\n<p>And almost without noticing, the moment of pause arrives: water, scent, the expert touch. A treatment in the spa, in the hands of Laura or Vanesa, where time decelerates and the body finds its balance again.<\/p>\n<p>&nbsp;<\/p>\n<h3><img loading=\"lazy\" decoding=\"async\" class=\"alignnone wp-image-32598\" src=\"https:\/\/coolrooms.com\/palaciovillapanes\/wp-content\/uploads\/sites\/7\/2026\/04\/Imagen-de-Story-Pin-169x300.jpg\" alt=\"\" width=\"400\" height=\"711\" srcset=\"https:\/\/coolrooms.com\/palaciovillapanes\/wp-content\/uploads\/sites\/7\/2026\/04\/Imagen-de-Story-Pin-169x300.jpg 169w, https:\/\/coolrooms.com\/palaciovillapanes\/wp-content\/uploads\/sites\/7\/2026\/04\/Imagen-de-Story-Pin-397x705.jpg 397w, https:\/\/coolrooms.com\/palaciovillapanes\/wp-content\/uploads\/sites\/7\/2026\/04\/Imagen-de-Story-Pin.jpg 450w\" sizes=\"(max-width: 400px) 100vw, 400px\" \/><\/h3>\n<h3><strong><u>A FERIA THAT STAYS WITH YOU<\/u><\/strong><\/h3>\n<p>The Feria does not end when the lights go out.<\/p>\n<p>It lingers\u2014in gestures, in images, in the way Seville begins to mean something different.<\/p>\n<p>Because living it this way\u2014from within, with access, with context, with sensitivity\u2014is not simply attending one of Europe\u2019s most fascinating events.<\/p>\n<p>It is becoming part of it.<\/p>\n<p>And in Seville, that changes everything.<\/p>\n<h3>Because Seville has something that only Seville has.<\/h3>\n","protected":false},"excerpt":{"rendered":"<p>Seville in Feria: the luxury of discovering it with those who truly know it There are cities you visit. And there are cities that, at certain moments, reveal themselves. Seville, during Feria, belongs to the latter. For one week, the city abandons any attempt to explain itself and simply exists: golden light over the albero [&hellip;]<\/p>\n","protected":false},"author":19,"featured_media":32620,"comment_status":"closed","ping_status":"open","sticky":false,"template":"","format":"standard","meta":{"_acf_changed":false,"footnotes":""},"categories":[2],"tags":[],"class_list":["post-32635","post","type-post","status-publish","format-standard","has-post-thumbnail","hentry","category-uncategorized"],"yoast_head":"<!-- This site is optimized with the Yoast SEO plugin v27.4 - https:\/\/yoast.com\/product\/yoast-seo-wordpress\/ -->\n<title>Feria 2026 - Hotel CoolRooms Palacio Villapan\u00e9s Sevilla<\/title>\n<meta name=\"robots\" content=\"index, follow, max-snippet:-1, max-image-preview:large, max-video-preview:-1\" \/>\n<link rel=\"canonical\" href=\"https:\/\/coolrooms.com\/palaciovillapanes\/en\/feria\/\" \/>\n<meta property=\"og:locale\" content=\"en_US\" \/>\n<meta property=\"og:type\" content=\"article\" \/>\n<meta property=\"og:title\" content=\"Feria 2026 - Hotel CoolRooms Palacio Villapan\u00e9s Sevilla\" \/>\n<meta property=\"og:description\" content=\"Seville in Feria: the luxury of discovering it with those who truly know it There are cities you visit. And there are cities that, at certain moments, reveal themselves. Seville, during Feria, belongs to the latter. For one week, the city abandons any attempt to explain itself and simply exists: golden light over the albero [&hellip;]\" \/>\n<meta property=\"og:url\" content=\"https:\/\/coolrooms.com\/palaciovillapanes\/en\/feria\/\" \/>\n<meta property=\"og:site_name\" content=\"Hotel CoolRooms Palacio Villapan\u00e9s Sevilla\" \/>\n<meta property=\"article:publisher\" content=\"https:\/\/www.facebook.com\/palaciodevillapanes\/\" \/>\n<meta property=\"article:published_time\" content=\"2026-04-23T17:57:56+00:00\" \/>\n<meta property=\"article:modified_time\" content=\"2026-04-23T18:10:28+00:00\" \/>\n<meta property=\"og:image\" content=\"https:\/\/coolrooms.com\/palaciovillapanes\/wp-content\/uploads\/sites\/7\/2026\/04\/Foto-Feria-de-Sevilla-2022-1030x773.jpg\" \/>\n\t<meta property=\"og:image:width\" content=\"1030\" \/>\n\t<meta property=\"og:image:height\" content=\"773\" \/>\n\t<meta property=\"og:image:type\" content=\"image\/jpeg\" \/>\n<meta name=\"author\" content=\"laura\" \/>\n<meta name=\"twitter:card\" content=\"summary_large_image\" \/>\n<meta name=\"twitter:label1\" content=\"Written by\" \/>\n\t<meta name=\"twitter:data1\" content=\"laura\" \/>\n\t<meta name=\"twitter:label2\" content=\"Est. reading time\" \/>\n\t<meta name=\"twitter:data2\" content=\"6 minutes\" \/>\n<script type=\"application\/ld+json\" class=\"yoast-schema-graph\">{\"@context\":\"https:\\\/\\\/schema.org\",\"@graph\":[{\"@type\":\"Article\",\"@id\":\"https:\\\/\\\/coolrooms.com\\\/palaciovillapanes\\\/en\\\/feria\\\/#article\",\"isPartOf\":{\"@id\":\"https:\\\/\\\/coolrooms.com\\\/palaciovillapanes\\\/en\\\/feria\\\/\"},\"author\":{\"name\":\"laura\",\"@id\":\"https:\\\/\\\/coolrooms.com\\\/palaciovillapanes\\\/#\\\/schema\\\/person\\\/79b0c00e60a0df35b4915181f65ce9ec\"},\"headline\":\"Feria 2026\",\"datePublished\":\"2026-04-23T17:57:56+00:00\",\"dateModified\":\"2026-04-23T18:10:28+00:00\",\"mainEntityOfPage\":{\"@id\":\"https:\\\/\\\/coolrooms.com\\\/palaciovillapanes\\\/en\\\/feria\\\/\"},\"wordCount\":1024,\"publisher\":{\"@id\":\"https:\\\/\\\/coolrooms.com\\\/palaciovillapanes\\\/#organization\"},\"image\":{\"@id\":\"https:\\\/\\\/coolrooms.com\\\/palaciovillapanes\\\/en\\\/feria\\\/#primaryimage\"},\"thumbnailUrl\":\"https:\\\/\\\/coolrooms.com\\\/palaciovillapanes\\\/wp-content\\\/uploads\\\/sites\\\/7\\\/2026\\\/04\\\/Foto-Feria-de-Sevilla-2022-scaled.jpg\",\"inLanguage\":\"en-US\"},{\"@type\":\"WebPage\",\"@id\":\"https:\\\/\\\/coolrooms.com\\\/palaciovillapanes\\\/en\\\/feria\\\/\",\"url\":\"https:\\\/\\\/coolrooms.com\\\/palaciovillapanes\\\/en\\\/feria\\\/\",\"name\":\"Feria 2026 - Hotel CoolRooms Palacio Villapan\u00e9s Sevilla\",\"isPartOf\":{\"@id\":\"https:\\\/\\\/coolrooms.com\\\/palaciovillapanes\\\/#website\"},\"primaryImageOfPage\":{\"@id\":\"https:\\\/\\\/coolrooms.com\\\/palaciovillapanes\\\/en\\\/feria\\\/#primaryimage\"},\"image\":{\"@id\":\"https:\\\/\\\/coolrooms.com\\\/palaciovillapanes\\\/en\\\/feria\\\/#primaryimage\"},\"thumbnailUrl\":\"https:\\\/\\\/coolrooms.com\\\/palaciovillapanes\\\/wp-content\\\/uploads\\\/sites\\\/7\\\/2026\\\/04\\\/Foto-Feria-de-Sevilla-2022-scaled.jpg\",\"datePublished\":\"2026-04-23T17:57:56+00:00\",\"dateModified\":\"2026-04-23T18:10:28+00:00\",\"breadcrumb\":{\"@id\":\"https:\\\/\\\/coolrooms.com\\\/palaciovillapanes\\\/en\\\/feria\\\/#breadcrumb\"},\"inLanguage\":\"en-US\",\"potentialAction\":[{\"@type\":\"ReadAction\",\"target\":[\"https:\\\/\\\/coolrooms.com\\\/palaciovillapanes\\\/en\\\/feria\\\/\"]}]},{\"@type\":\"ImageObject\",\"inLanguage\":\"en-US\",\"@id\":\"https:\\\/\\\/coolrooms.com\\\/palaciovillapanes\\\/en\\\/feria\\\/#primaryimage\",\"url\":\"https:\\\/\\\/coolrooms.com\\\/palaciovillapanes\\\/wp-content\\\/uploads\\\/sites\\\/7\\\/2026\\\/04\\\/Foto-Feria-de-Sevilla-2022-scaled.jpg\",\"contentUrl\":\"https:\\\/\\\/coolrooms.com\\\/palaciovillapanes\\\/wp-content\\\/uploads\\\/sites\\\/7\\\/2026\\\/04\\\/Foto-Feria-de-Sevilla-2022-scaled.jpg\",\"width\":2560,\"height\":1920},{\"@type\":\"BreadcrumbList\",\"@id\":\"https:\\\/\\\/coolrooms.com\\\/palaciovillapanes\\\/en\\\/feria\\\/#breadcrumb\",\"itemListElement\":[{\"@type\":\"ListItem\",\"position\":1,\"name\":\"Portada\",\"item\":\"https:\\\/\\\/coolrooms.com\\\/palaciovillapanes\\\/\"},{\"@type\":\"ListItem\",\"position\":2,\"name\":\"Feria 2026\"}]},{\"@type\":\"WebSite\",\"@id\":\"https:\\\/\\\/coolrooms.com\\\/palaciovillapanes\\\/#website\",\"url\":\"https:\\\/\\\/coolrooms.com\\\/palaciovillapanes\\\/\",\"name\":\"Hotel Palacio Villapan\u00e9s Sevilla\",\"description\":\"CoolRooms |\u00a0El lujo de dormir en un Palacio\",\"publisher\":{\"@id\":\"https:\\\/\\\/coolrooms.com\\\/palaciovillapanes\\\/#organization\"},\"potentialAction\":[{\"@type\":\"SearchAction\",\"target\":{\"@type\":\"EntryPoint\",\"urlTemplate\":\"https:\\\/\\\/coolrooms.com\\\/palaciovillapanes\\\/?s={search_term_string}\"},\"query-input\":{\"@type\":\"PropertyValueSpecification\",\"valueRequired\":true,\"valueName\":\"search_term_string\"}}],\"inLanguage\":\"en-US\"},{\"@type\":\"Organization\",\"@id\":\"https:\\\/\\\/coolrooms.com\\\/palaciovillapanes\\\/#organization\",\"name\":\"Palacio Villapanes\",\"url\":\"https:\\\/\\\/coolrooms.com\\\/palaciovillapanes\\\/\",\"logo\":{\"@type\":\"ImageObject\",\"inLanguage\":\"en-US\",\"@id\":\"https:\\\/\\\/coolrooms.com\\\/palaciovillapanes\\\/#\\\/schema\\\/logo\\\/image\\\/\",\"url\":\"https:\\\/\\\/coolrooms.com\\\/palaciovillapanes\\\/wp-content\\\/uploads\\\/sites\\\/7\\\/2022\\\/06\\\/logo-palacio-dark.png\",\"contentUrl\":\"https:\\\/\\\/coolrooms.com\\\/palaciovillapanes\\\/wp-content\\\/uploads\\\/sites\\\/7\\\/2022\\\/06\\\/logo-palacio-dark.png\",\"width\":300,\"height\":233,\"caption\":\"Palacio Villapanes\"},\"image\":{\"@id\":\"https:\\\/\\\/coolrooms.com\\\/palaciovillapanes\\\/#\\\/schema\\\/logo\\\/image\\\/\"},\"sameAs\":[\"https:\\\/\\\/www.facebook.com\\\/palaciodevillapanes\\\/\",\"https:\\\/\\\/www.instagram.com\\\/palaciovillapanes\\\/\",\"https:\\\/\\\/www.linkedin.com\\\/company\\\/hotel-palacio-de-villapans\"]},{\"@type\":\"Person\",\"@id\":\"https:\\\/\\\/coolrooms.com\\\/palaciovillapanes\\\/#\\\/schema\\\/person\\\/79b0c00e60a0df35b4915181f65ce9ec\",\"name\":\"laura\",\"url\":\"https:\\\/\\\/coolrooms.com\\\/palaciovillapanes\\\/en\\\/author\\\/laura\\\/\"}]}<\/script>\n<!-- \/ Yoast SEO plugin. -->","yoast_head_json":{"title":"Feria 2026 - Hotel CoolRooms Palacio Villapan\u00e9s Sevilla","robots":{"index":"index","follow":"follow","max-snippet":"max-snippet:-1","max-image-preview":"max-image-preview:large","max-video-preview":"max-video-preview:-1"},"canonical":"https:\/\/coolrooms.com\/palaciovillapanes\/en\/feria\/","og_locale":"en_US","og_type":"article","og_title":"Feria 2026 - Hotel CoolRooms Palacio Villapan\u00e9s Sevilla","og_description":"Seville in Feria: the luxury of discovering it with those who truly know it There are cities you visit. And there are cities that, at certain moments, reveal themselves. Seville, during Feria, belongs to the latter. For one week, the city abandons any attempt to explain itself and simply exists: golden light over the albero [&hellip;]","og_url":"https:\/\/coolrooms.com\/palaciovillapanes\/en\/feria\/","og_site_name":"Hotel CoolRooms Palacio Villapan\u00e9s Sevilla","article_publisher":"https:\/\/www.facebook.com\/palaciodevillapanes\/","article_published_time":"2026-04-23T17:57:56+00:00","article_modified_time":"2026-04-23T18:10:28+00:00","og_image":[{"width":1030,"height":773,"url":"https:\/\/coolrooms.com\/palaciovillapanes\/wp-content\/uploads\/sites\/7\/2026\/04\/Foto-Feria-de-Sevilla-2022-1030x773.jpg","type":"image\/jpeg"}],"author":"laura","twitter_card":"summary_large_image","twitter_misc":{"Written by":"laura","Est. reading time":"6 minutes"},"schema":{"@context":"https:\/\/schema.org","@graph":[{"@type":"Article","@id":"https:\/\/coolrooms.com\/palaciovillapanes\/en\/feria\/#article","isPartOf":{"@id":"https:\/\/coolrooms.com\/palaciovillapanes\/en\/feria\/"},"author":{"name":"laura","@id":"https:\/\/coolrooms.com\/palaciovillapanes\/#\/schema\/person\/79b0c00e60a0df35b4915181f65ce9ec"},"headline":"Feria 2026","datePublished":"2026-04-23T17:57:56+00:00","dateModified":"2026-04-23T18:10:28+00:00","mainEntityOfPage":{"@id":"https:\/\/coolrooms.com\/palaciovillapanes\/en\/feria\/"},"wordCount":1024,"publisher":{"@id":"https:\/\/coolrooms.com\/palaciovillapanes\/#organization"},"image":{"@id":"https:\/\/coolrooms.com\/palaciovillapanes\/en\/feria\/#primaryimage"},"thumbnailUrl":"https:\/\/coolrooms.com\/palaciovillapanes\/wp-content\/uploads\/sites\/7\/2026\/04\/Foto-Feria-de-Sevilla-2022-scaled.jpg","inLanguage":"en-US"},{"@type":"WebPage","@id":"https:\/\/coolrooms.com\/palaciovillapanes\/en\/feria\/","url":"https:\/\/coolrooms.com\/palaciovillapanes\/en\/feria\/","name":"Feria 2026 - Hotel CoolRooms Palacio Villapan\u00e9s Sevilla","isPartOf":{"@id":"https:\/\/coolrooms.com\/palaciovillapanes\/#website"},"primaryImageOfPage":{"@id":"https:\/\/coolrooms.com\/palaciovillapanes\/en\/feria\/#primaryimage"},"image":{"@id":"https:\/\/coolrooms.com\/palaciovillapanes\/en\/feria\/#primaryimage"},"thumbnailUrl":"https:\/\/coolrooms.com\/palaciovillapanes\/wp-content\/uploads\/sites\/7\/2026\/04\/Foto-Feria-de-Sevilla-2022-scaled.jpg","datePublished":"2026-04-23T17:57:56+00:00","dateModified":"2026-04-23T18:10:28+00:00","breadcrumb":{"@id":"https:\/\/coolrooms.com\/palaciovillapanes\/en\/feria\/#breadcrumb"},"inLanguage":"en-US","potentialAction":[{"@type":"ReadAction","target":["https:\/\/coolrooms.com\/palaciovillapanes\/en\/feria\/"]}]},{"@type":"ImageObject","inLanguage":"en-US","@id":"https:\/\/coolrooms.com\/palaciovillapanes\/en\/feria\/#primaryimage","url":"https:\/\/coolrooms.com\/palaciovillapanes\/wp-content\/uploads\/sites\/7\/2026\/04\/Foto-Feria-de-Sevilla-2022-scaled.jpg","contentUrl":"https:\/\/coolrooms.com\/palaciovillapanes\/wp-content\/uploads\/sites\/7\/2026\/04\/Foto-Feria-de-Sevilla-2022-scaled.jpg","width":2560,"height":1920},{"@type":"BreadcrumbList","@id":"https:\/\/coolrooms.com\/palaciovillapanes\/en\/feria\/#breadcrumb","itemListElement":[{"@type":"ListItem","position":1,"name":"Portada","item":"https:\/\/coolrooms.com\/palaciovillapanes\/"},{"@type":"ListItem","position":2,"name":"Feria 2026"}]},{"@type":"WebSite","@id":"https:\/\/coolrooms.com\/palaciovillapanes\/#website","url":"https:\/\/coolrooms.com\/palaciovillapanes\/","name":"Hotel Palacio Villapan\u00e9s Sevilla","description":"CoolRooms |\u00a0El lujo de dormir en un Palacio","publisher":{"@id":"https:\/\/coolrooms.com\/palaciovillapanes\/#organization"},"potentialAction":[{"@type":"SearchAction","target":{"@type":"EntryPoint","urlTemplate":"https:\/\/coolrooms.com\/palaciovillapanes\/?s={search_term_string}"},"query-input":{"@type":"PropertyValueSpecification","valueRequired":true,"valueName":"search_term_string"}}],"inLanguage":"en-US"},{"@type":"Organization","@id":"https:\/\/coolrooms.com\/palaciovillapanes\/#organization","name":"Palacio Villapanes","url":"https:\/\/coolrooms.com\/palaciovillapanes\/","logo":{"@type":"ImageObject","inLanguage":"en-US","@id":"https:\/\/coolrooms.com\/palaciovillapanes\/#\/schema\/logo\/image\/","url":"https:\/\/coolrooms.com\/palaciovillapanes\/wp-content\/uploads\/sites\/7\/2022\/06\/logo-palacio-dark.png","contentUrl":"https:\/\/coolrooms.com\/palaciovillapanes\/wp-content\/uploads\/sites\/7\/2022\/06\/logo-palacio-dark.png","width":300,"height":233,"caption":"Palacio Villapanes"},"image":{"@id":"https:\/\/coolrooms.com\/palaciovillapanes\/#\/schema\/logo\/image\/"},"sameAs":["https:\/\/www.facebook.com\/palaciodevillapanes\/","https:\/\/www.instagram.com\/palaciovillapanes\/","https:\/\/www.linkedin.com\/company\/hotel-palacio-de-villapans"]},{"@type":"Person","@id":"https:\/\/coolrooms.com\/palaciovillapanes\/#\/schema\/person\/79b0c00e60a0df35b4915181f65ce9ec","name":"laura","url":"https:\/\/coolrooms.com\/palaciovillapanes\/en\/author\/laura\/"}]}},"acf":[],"_links":{"self":[{"href":"https:\/\/coolrooms.com\/palaciovillapanes\/en\/wp-json\/wp\/v2\/posts\/32635","targetHints":{"allow":["GET"]}}],"collection":[{"href":"https:\/\/coolrooms.com\/palaciovillapanes\/en\/wp-json\/wp\/v2\/posts"}],"about":[{"href":"https:\/\/coolrooms.com\/palaciovillapanes\/en\/wp-json\/wp\/v2\/types\/post"}],"author":[{"embeddable":true,"href":"https:\/\/coolrooms.com\/palaciovillapanes\/en\/wp-json\/wp\/v2\/users\/19"}],"replies":[{"embeddable":true,"href":"https:\/\/coolrooms.com\/palaciovillapanes\/en\/wp-json\/wp\/v2\/comments?post=32635"}],"version-history":[{"count":2,"href":"https:\/\/coolrooms.com\/palaciovillapanes\/en\/wp-json\/wp\/v2\/posts\/32635\/revisions"}],"predecessor-version":[{"id":32636,"href":"https:\/\/coolrooms.com\/palaciovillapanes\/en\/wp-json\/wp\/v2\/posts\/32635\/revisions\/32636"}],"wp:featuredmedia":[{"embeddable":true,"href":"https:\/\/coolrooms.com\/palaciovillapanes\/en\/wp-json\/wp\/v2\/media\/32620"}],"wp:attachment":[{"href":"https:\/\/coolrooms.com\/palaciovillapanes\/en\/wp-json\/wp\/v2\/media?parent=32635"}],"wp:term":[{"taxonomy":"category","embeddable":true,"href":"https:\/\/coolrooms.com\/palaciovillapanes\/en\/wp-json\/wp\/v2\/categories?post=32635"},{"taxonomy":"post_tag","embeddable":true,"href":"https:\/\/coolrooms.com\/palaciovillapanes\/en\/wp-json\/wp\/v2\/tags?post=32635"}],"curies":[{"name":"wp","href":"https:\/\/api.w.org\/{rel}","templated":true}]}}